{"id":471,"date":"2016-05-29T16:44:03","date_gmt":"2016-05-29T15:44:03","guid":{"rendered":"https:\/\/ecolenotredame-saintvincentdeslandes.fr\/?p=471"},"modified":"2016-05-29T16:54:02","modified_gmt":"2016-05-29T15:54:02","slug":"une-super-journee-a-nantes","status":"publish","type":"post","link":"https:\/\/ecolenotredame-saintvincentdeslandes.fr\/?p=471","title":{"rendered":"Une super journ\u00e9e \u00e0 Nantes!"},"content":{"rendered":"<p>Mardi matin 24 mai, toute l\u2019\u00e9cole a pris le car pour aller \u00e0 <span style=\"color: #ff0000;\">Nantes<\/span>.<\/p>\n<p>Apr\u00e8s un voyage dans l\u2019espace au <a href=\"http:\/\/www.nantes.fr\/le-planetarium\"><span style=\"color: #0000ff;\"><strong>Planetarium<\/strong><\/span><\/a>, les enfants de maternelle ont d\u00e9couvert <span style=\"color: #0000ff;\">la butte Sainte Anne<\/span>\u00a0: ses diff\u00e9rents types d\u2019habitat\u00a0: immeubles, maisons individuelles, magasins\u2026., son \u00e9glise, ses magnifiques parcs aux points de vue impressionnants sur<span style=\"color: #3366ff;\"> l\u2019\u00eele de Nantes<\/span> et sur <span style=\"color: #3366ff;\">l&#8217;arbre blanc<\/span>\u00a0 et avec diff\u00e9rents jeux pour les enfants. Chacun a ainsi, compris pourquoi\u00a0 on parle d\u2019<strong>\u00eele<\/strong> de Nantes : cette terre\u00a0 entour\u00e9e d\u2019eau\u00a0de la <span style=\"color: #3366ff;\">Loire<\/span>, avec son port, les grues, les hangars\u2026.<\/p>\n<p><a href=\"https:\/\/ecolenotredame-saintvincentdeslandes.fr\/wp-content\/uploads\/2016\/05\/DSCF0017.jpg\"><img loading=\"lazy\" decoding=\"async\" class=\" wp-image-472 alignleft\" src=\"https:\/\/ecolenotredame-saintvincentdeslandes.fr\/wp-content\/uploads\/2016\/05\/DSCF0017-300x225.jpg\" alt=\"DSCF0017\" width=\"287\" height=\"215\" srcset=\"https:\/\/ecolenotredame-saintvincentdeslandes.fr\/wp-content\/uploads\/2016\/05\/DSCF0017-300x225.jpg 300w, https:\/\/ecolenotredame-saintvincentdeslandes.fr\/wp-content\/uploads\/2016\/05\/DSCF0017-768x576.jpg 768w, https:\/\/ecolenotredame-saintvincentdeslandes.fr\/wp-content\/uploads\/2016\/05\/DSCF0017-1024x768.jpg 1024w, https:\/\/ecolenotredame-saintvincentdeslandes.fr\/wp-content\/uploads\/2016\/05\/DSCF0017.jpg 2048w\" sizes=\"auto, (max-width: 287px) 100vw, 287px\" \/><\/a><a href=\"https:\/\/ecolenotredame-saintvincentdeslandes.fr\/wp-content\/uploads\/2016\/05\/DSCF0020.jpg\"><img loading=\"lazy\" decoding=\"async\" class=\"wp-image-474 alignright\" src=\"https:\/\/ecolenotredame-saintvincentdeslandes.fr\/wp-content\/uploads\/2016\/05\/DSCF0020-300x225.jpg\" alt=\"DSCF0020\" width=\"279\" height=\"209\" srcset=\"https:\/\/ecolenotredame-saintvincentdeslandes.fr\/wp-content\/uploads\/2016\/05\/DSCF0020-300x225.jpg 300w, https:\/\/ecolenotredame-saintvincentdeslandes.fr\/wp-content\/uploads\/2016\/05\/DSCF0020-768x576.jpg 768w, https:\/\/ecolenotredame-saintvincentdeslandes.fr\/wp-content\/uploads\/2016\/05\/DSCF0020-1024x768.jpg 1024w, https:\/\/ecolenotredame-saintvincentdeslandes.fr\/wp-content\/uploads\/2016\/05\/DSCF0020.jpg 2048w\" sizes=\"auto, (max-width: 279px) 100vw, 279px\" \/><\/a><\/p>\n<p>&nbsp;<\/p>\n<p>&nbsp;<\/p>\n<p>&nbsp;<\/p>\n<p>&nbsp;<\/p>\n<p>&nbsp;<\/p>\n<p>Un petit tour au parc Jules Verne et au parc Schwob pour voir d\u2019un autre point de vue l\u2019\u00eele de Nantes, l\u2019arbre blanc\u2026<\/p>\n<p>Un bon pique-nique au <a href=\"http:\/\/www.jardins.nantes.fr\/N\/Jardin\/Parcs-Jardins\/Plus\/1937\/Parc-des-Oblates.asp\">parc des Oblates<\/a> et c\u2019est parti pour les jeux et le rallye photo pour d\u00e9couvrir et se rep\u00e9rer dans ce magnifique espace naturel !<a href=\"https:\/\/ecolenotredame-saintvincentdeslandes.fr\/wp-content\/uploads\/2016\/05\/DSCF0025.jpg\"><img loading=\"lazy\" decoding=\"async\" class=\"aligncenter size-medium wp-image-475\" src=\"https:\/\/ecolenotredame-saintvincentdeslandes.fr\/wp-content\/uploads\/2016\/05\/DSCF0025-300x225.jpg\" alt=\"DSCF0025\" width=\"300\" height=\"225\" srcset=\"https:\/\/ecolenotredame-saintvincentdeslandes.fr\/wp-content\/uploads\/2016\/05\/DSCF0025-300x225.jpg 300w, https:\/\/ecolenotredame-saintvincentdeslandes.fr\/wp-content\/uploads\/2016\/05\/DSCF0025-768x576.jpg 768w, https:\/\/ecolenotredame-saintvincentdeslandes.fr\/wp-content\/uploads\/2016\/05\/DSCF0025-1024x768.jpg 1024w, https:\/\/ecolenotredame-saintvincentdeslandes.fr\/wp-content\/uploads\/2016\/05\/DSCF0025.jpg 2048w\" sizes=\"auto, (max-width: 300px) 100vw, 300px\" \/><\/a><\/p>\n<p>Le puzzle reconstitu\u00e9 avec les morceaux gagn\u00e9s lors du rallye donne un indice pour la suite du voyage\u00a0: chaque \u00e9quipe a ainsi d\u00e9couvert \u00a0<a href=\"http:\/\/www.lesmachines-nantes.fr\/fr\/les-machines-de-l-ile\/le-grand-elephant\"><span style=\"color: #0000ff;\"><strong>l\u2019\u00e9l\u00e9phant de Nantes<\/strong><\/span><\/a>.<\/p>\n<p>Un petit tour sur l\u2019\u00eele de Nantes pour v\u00e9rifier ce qui avait \u00e9t\u00e9\u00a0 aper\u00e7u de la butte Sainte Anne\u00a0: les hangars, les <span style=\"color: #3366ff;\">anneaux de Buren<\/span>, <span style=\"color: #3366ff;\">les grues jaune et grise<\/span>, <span style=\"color: #3366ff;\">le carrousel<\/span>\u2026.. et bien s\u00fbr l\u2019\u00e9l\u00e9phant\u00a0!<\/p>\n<p>Beaucoup de\u00a0 plaisir et de bonheur et , en m\u00eame temps, un peu de\u00a0 peur face \u00e0 cet \u00e9l\u00e9phant qui arrose les spectateurs\u00a0!<\/p>\n<p style=\"text-align: justify;\"><a href=\"https:\/\/ecolenotredame-saintvincentdeslandes.fr\/wp-content\/uploads\/2016\/05\/DSCF0067.jpg\"><img loading=\"lazy\" decoding=\"async\" class=\" wp-image-476 alignleft\" src=\"https:\/\/ecolenotredame-saintvincentdeslandes.fr\/wp-content\/uploads\/2016\/05\/DSCF0067-300x225.jpg\" alt=\"DSCF0067\" width=\"277\" height=\"208\" srcset=\"https:\/\/ecolenotredame-saintvincentdeslandes.fr\/wp-content\/uploads\/2016\/05\/DSCF0067-300x225.jpg 300w, https:\/\/ecolenotredame-saintvincentdeslandes.fr\/wp-content\/uploads\/2016\/05\/DSCF0067-768x576.jpg 768w, https:\/\/ecolenotredame-saintvincentdeslandes.fr\/wp-content\/uploads\/2016\/05\/DSCF0067-1024x768.jpg 1024w, https:\/\/ecolenotredame-saintvincentdeslandes.fr\/wp-content\/uploads\/2016\/05\/DSCF0067.jpg 2048w\" sizes=\"auto, (max-width: 277px) 100vw, 277px\" \/><\/a><a href=\"https:\/\/ecolenotredame-saintvincentdeslandes.fr\/wp-content\/uploads\/2016\/05\/DSCF0092.jpg\"><img loading=\"lazy\" decoding=\"async\" class=\"wp-image-477 alignright\" src=\"https:\/\/ecolenotredame-saintvincentdeslandes.fr\/wp-content\/uploads\/2016\/05\/DSCF0092-300x225.jpg\" alt=\"DSCF0092\" width=\"266\" height=\"199\" srcset=\"https:\/\/ecolenotredame-saintvincentdeslandes.fr\/wp-content\/uploads\/2016\/05\/DSCF0092-300x225.jpg 300w, https:\/\/ecolenotredame-saintvincentdeslandes.fr\/wp-content\/uploads\/2016\/05\/DSCF0092-768x576.jpg 768w, https:\/\/ecolenotredame-saintvincentdeslandes.fr\/wp-content\/uploads\/2016\/05\/DSCF0092-1024x768.jpg 1024w, https:\/\/ecolenotredame-saintvincentdeslandes.fr\/wp-content\/uploads\/2016\/05\/DSCF0092.jpg 2048w\" sizes=\"auto, (max-width: 266px) 100vw, 266px\" \/><\/a><\/p>\n<p style=\"text-align: justify;\">Qu\u2019il est beau ce carrousel\u00a0! Dommage qu&#8217;on ne puisse pas y monter!<\/p>\n<p style=\"text-align: justify;\">Nantes est une ville\u00a0 portuaire; tout le prouve: un <a href=\"http:\/\/www.lacale2lile.fr\/\">chantier naval<\/a>, les grues, les bateaux sur la Loire, les hangars, le navibus&#8230;..<\/p>\n<p style=\"text-align: justify;\"><a href=\"https:\/\/ecolenotredame-saintvincentdeslandes.fr\/wp-content\/uploads\/2016\/05\/DSCF0104.jpg\"><img loading=\"lazy\" decoding=\"async\" class=\"size-medium wp-image-479 alignleft\" src=\"https:\/\/ecolenotredame-saintvincentdeslandes.fr\/wp-content\/uploads\/2016\/05\/DSCF0104-225x300.jpg\" alt=\"DSCF0104\" width=\"225\" height=\"300\" srcset=\"https:\/\/ecolenotredame-saintvincentdeslandes.fr\/wp-content\/uploads\/2016\/05\/DSCF0104-225x300.jpg 225w, https:\/\/ecolenotredame-saintvincentdeslandes.fr\/wp-content\/uploads\/2016\/05\/DSCF0104-768x1024.jpg 768w, https:\/\/ecolenotredame-saintvincentdeslandes.fr\/wp-content\/uploads\/2016\/05\/DSCF0104.jpg 1536w\" sizes=\"auto, (max-width: 225px) 100vw, 225px\" \/><\/a><a href=\"https:\/\/ecolenotredame-saintvincentdeslandes.fr\/wp-content\/uploads\/2016\/05\/DSCF0114.jpg\"><img loading=\"lazy\" decoding=\"async\" class=\"wp-image-480 alignnone\" src=\"https:\/\/ecolenotredame-saintvincentdeslandes.fr\/wp-content\/uploads\/2016\/05\/DSCF0114-300x225.jpg\" alt=\"DSCF0114\" width=\"259\" height=\"194\" srcset=\"https:\/\/ecolenotredame-saintvincentdeslandes.fr\/wp-content\/uploads\/2016\/05\/DSCF0114-300x225.jpg 300w, https:\/\/ecolenotredame-saintvincentdeslandes.fr\/wp-content\/uploads\/2016\/05\/DSCF0114-768x576.jpg 768w, https:\/\/ecolenotredame-saintvincentdeslandes.fr\/wp-content\/uploads\/2016\/05\/DSCF0114-1024x768.jpg 1024w, https:\/\/ecolenotredame-saintvincentdeslandes.fr\/wp-content\/uploads\/2016\/05\/DSCF0114.jpg 2048w\" sizes=\"auto, (max-width: 259px) 100vw, 259px\" \/><\/a><a href=\"https:\/\/ecolenotredame-saintvincentdeslandes.fr\/wp-content\/uploads\/2016\/05\/DSCF0133.jpg\">\u00a0\u00a0\u00a0\u00a0 <img loading=\"lazy\" decoding=\"async\" class=\"wp-image-481 alignnone\" src=\"https:\/\/ecolenotredame-saintvincentdeslandes.fr\/wp-content\/uploads\/2016\/05\/DSCF0133-300x225.jpg\" alt=\"DSCF0133\" width=\"271\" height=\"203\" srcset=\"https:\/\/ecolenotredame-saintvincentdeslandes.fr\/wp-content\/uploads\/2016\/05\/DSCF0133-300x225.jpg 300w, https:\/\/ecolenotredame-saintvincentdeslandes.fr\/wp-content\/uploads\/2016\/05\/DSCF0133-768x576.jpg 768w, https:\/\/ecolenotredame-saintvincentdeslandes.fr\/wp-content\/uploads\/2016\/05\/DSCF0133-1024x768.jpg 1024w, https:\/\/ecolenotredame-saintvincentdeslandes.fr\/wp-content\/uploads\/2016\/05\/DSCF0133.jpg 2048w\" sizes=\"auto, (max-width: 271px) 100vw, 271px\" \/><\/a><\/p>\n<p style=\"text-align: justify;\">Quelle belle journ\u00e9e pass\u00e9e sous le soleil et dans la bonne humeur\u00a0! Que de belles choses \u00e0 d\u00e9couvrir \u00e0 Nantes!<\/p>\n<p style=\"text-align: justify;\">Merci aux accompagnateurs et au chauffeur\u00a0!<\/p>\n","protected":false},"excerpt":{"rendered":"<p>Mardi matin 24 mai, toute l\u2019\u00e9cole a pris le car pour aller \u00e0 Nantes. Apr\u00e8s un voyage dans l\u2019espace au Planetarium, les enfants de maternelle ont d\u00e9couvert la butte Sainte Anne\u00a0: ses diff\u00e9rents types d\u2019habitat\u00a0: immeubles, maisons individuelles, magasins\u2026., son \u00e9glise, ses magnifiques parcs aux points de vue impressionnants sur l\u2019\u00eele de Nantes et sur<\/p>\n<p><a href=\"https:\/\/ecolenotredame-saintvincentdeslandes.fr\/?p=471\" class=\"more-link themebutton\">Lire la suite<\/a><\/p>\n","protected":false},"author":3,"featured_media":0,"comment_status":"closed","ping_status":"closed","sticky":false,"template":"","format":"standard","meta":{"ngg_post_thumbnail":0,"footnotes":""},"categories":[4],"tags":[],"class_list":["post-471","post","type-post","status-publish","format-standard","hentry","category-maternelle"],"_links":{"self":[{"href":"https:\/\/ecolenotredame-saintvincentdeslandes.fr\/index.php?rest_route=\/wp\/v2\/posts\/471","targetHints":{"allow":["GET"]}}],"collection":[{"href":"https:\/\/ecolenotredame-saintvincentdeslandes.fr\/index.php?rest_route=\/wp\/v2\/posts"}],"about":[{"href":"https:\/\/ecolenotredame-saintvincentdeslandes.fr\/index.php?rest_route=\/wp\/v2\/types\/post"}],"author":[{"embeddable":true,"href":"https:\/\/ecolenotredame-saintvincentdeslandes.fr\/index.php?rest_route=\/wp\/v2\/users\/3"}],"replies":[{"embeddable":true,"href":"https:\/\/ecolenotredame-saintvincentdeslandes.fr\/index.php?rest_route=%2Fwp%2Fv2%2Fcomments&post=471"}],"version-history":[{"count":0,"href":"https:\/\/ecolenotredame-saintvincentdeslandes.fr\/index.php?rest_route=\/wp\/v2\/posts\/471\/revisions"}],"wp:attachment":[{"href":"https:\/\/ecolenotredame-saintvincentdeslandes.fr\/index.php?rest_route=%2Fwp%2Fv2%2Fmedia&parent=471"}],"wp:term":[{"taxonomy":"category","embeddable":true,"href":"https:\/\/ecolenotredame-saintvincentdeslandes.fr\/index.php?rest_route=%2Fwp%2Fv2%2Fcategories&post=471"},{"taxonomy":"post_tag","embeddable":true,"href":"https:\/\/ecolenotredame-saintvincentdeslandes.fr\/index.php?rest_route=%2Fwp%2Fv2%2Ftags&post=471"}],"curies":[{"name":"wp","href":"https:\/\/api.w.org\/{rel}","templated":true}]}}