{"id":5417,"date":"2023-02-15T17:08:55","date_gmt":"2023-02-15T16:08:55","guid":{"rendered":"https:\/\/ecolenotredame-saintvincentdeslandes.fr\/?p=5417"},"modified":"2023-02-15T17:08:55","modified_gmt":"2023-02-15T16:08:55","slug":"restitution-du-projet-artistique","status":"publish","type":"post","link":"https:\/\/ecolenotredame-saintvincentdeslandes.fr\/?p=5417","title":{"rendered":"Restitution du projet artistique"},"content":{"rendered":"<p>Vendredi 20 janvier, les trois \u00e9coles participant au projet artistique &#8220;Du quotidien \u00e0 la g\u00e9om\u00e9trie&#8221; avec Anthony Bodin, se sont retrouv\u00e9es \u00e0 la M\u00e9diath\u00e8que de Derval, pour d\u00e9couvrir l&#8217;exposition de leurs oeuvres, \u00e9changer sur le projet et vivre des ateliers. Chacun a pu voir la richesse des cr\u00e9ations produites sur ce th\u00e8me. Certaines cr\u00e9ations \u00e9taient communes et c&#8217;\u00e9tait int\u00e9ressant de remarquer les ressemblances et diff\u00e9rences entre les oeuvres, de prendre conscience de la sensibilit\u00e9 artistique de chacun.<\/p>\n<p>Nous avons termin\u00e9 par une \u00e9norme photo de groupe avec nos masques! C&#8217;\u00e9tait trop dr\u00f4le!<\/p>\nngg_shortcode_0_placeholder\n","protected":false},"excerpt":{"rendered":"<p>Vendredi 20 janvier, les trois \u00e9coles participant au projet artistique &#8220;Du quotidien \u00e0 la g\u00e9om\u00e9trie&#8221; avec Anthony Bodin, se sont retrouv\u00e9es \u00e0 la M\u00e9diath\u00e8que de Derval, pour d\u00e9couvrir l&#8217;exposition de leurs oeuvres, \u00e9changer sur le projet et vivre des ateliers. Chacun a pu voir la richesse des cr\u00e9ations produites sur ce th\u00e8me. Certaines cr\u00e9ations \u00e9taient<\/p>\n<p><a href=\"https:\/\/ecolenotredame-saintvincentdeslandes.fr\/?p=5417\" class=\"more-link themebutton\">Lire la suite<\/a><\/p>\n","protected":false},"author":3,"featured_media":0,"comment_status":"closed","ping_status":"closed","sticky":false,"template":"","format":"standard","meta":{"ngg_post_thumbnail":0,"footnotes":""},"categories":[6,5],"tags":[],"class_list":["post-5417","post","type-post","status-publish","format-standard","hentry","category-cm1-cm2","category-cp-ce1-ce2"],"_links":{"self":[{"href":"https:\/\/ecolenotredame-saintvincentdeslandes.fr\/index.php?rest_route=\/wp\/v2\/posts\/5417","targetHints":{"allow":["GET"]}}],"collection":[{"href":"https:\/\/ecolenotredame-saintvincentdeslandes.fr\/index.php?rest_route=\/wp\/v2\/posts"}],"about":[{"href":"https:\/\/ecolenotredame-saintvincentdeslandes.fr\/index.php?rest_route=\/wp\/v2\/types\/post"}],"author":[{"embeddable":true,"href":"https:\/\/ecolenotredame-saintvincentdeslandes.fr\/index.php?rest_route=\/wp\/v2\/users\/3"}],"replies":[{"embeddable":true,"href":"https:\/\/ecolenotredame-saintvincentdeslandes.fr\/index.php?rest_route=%2Fwp%2Fv2%2Fcomments&post=5417"}],"version-history":[{"count":1,"href":"https:\/\/ecolenotredame-saintvincentdeslandes.fr\/index.php?rest_route=\/wp\/v2\/posts\/5417\/revisions"}],"predecessor-version":[{"id":5418,"href":"https:\/\/ecolenotredame-saintvincentdeslandes.fr\/index.php?rest_route=\/wp\/v2\/posts\/5417\/revisions\/5418"}],"wp:attachment":[{"href":"https:\/\/ecolenotredame-saintvincentdeslandes.fr\/index.php?rest_route=%2Fwp%2Fv2%2Fmedia&parent=5417"}],"wp:term":[{"taxonomy":"category","embeddable":true,"href":"https:\/\/ecolenotredame-saintvincentdeslandes.fr\/index.php?rest_route=%2Fwp%2Fv2%2Fcategories&post=5417"},{"taxonomy":"post_tag","embeddable":true,"href":"https:\/\/ecolenotredame-saintvincentdeslandes.fr\/index.php?rest_route=%2Fwp%2Fv2%2Ftags&post=5417"}],"curies":[{"name":"wp","href":"https:\/\/api.w.org\/{rel}","templated":true}]}}