{"id":5466,"date":"2023-04-17T17:40:52","date_gmt":"2023-04-17T16:40:52","guid":{"rendered":"https:\/\/ecolenotredame-saintvincentdeslandes.fr\/?p=5466"},"modified":"2023-04-20T10:35:18","modified_gmt":"2023-04-20T09:35:18","slug":"3eme-sortie-au-cinema","status":"publish","type":"post","link":"https:\/\/ecolenotredame-saintvincentdeslandes.fr\/?p=5466","title":{"rendered":"3\u00e8me sortie au cin\u00e9ma"},"content":{"rendered":"<p>Jeudi 30 mars nous sommes all\u00e9s au cin\u00e9ma de Ch\u00e2teaubriant voir &#8220;Jardins enchant\u00e9s&#8221;.<\/p>\n<p>Il y avait six courts m\u00e9trages sur le th\u00e8me des jardins. Les films n&#8217;avaient pas tous \u00e9t\u00e9 r\u00e9alis\u00e9s de la m\u00eame mani\u00e8re : certains personnages et d\u00e9cors \u00e9taient en laine, d&#8217;autres en p\u00e2te \u00e0 modeler, en&nbsp; tissu, en peinture, au crayon de couleur &#8230;<\/p>\n<p><a href=\"https:\/\/ecolenotredame-saintvincentdeslandes.fr\/wp-content\/uploads\/2023\/04\/affiche-jardins-enchantes.jpg\"><img loading=\"lazy\" decoding=\"async\" class=\"aligncenter size-medium wp-image-5470\" src=\"https:\/\/ecolenotredame-saintvincentdeslandes.fr\/wp-content\/uploads\/2023\/04\/affiche-jardins-enchantes-220x300.jpg\" alt=\"\" width=\"220\" height=\"300\" srcset=\"https:\/\/ecolenotredame-saintvincentdeslandes.fr\/wp-content\/uploads\/2023\/04\/affiche-jardins-enchantes-220x300.jpg 220w, https:\/\/ecolenotredame-saintvincentdeslandes.fr\/wp-content\/uploads\/2023\/04\/affiche-jardins-enchantes-752x1024.jpg 752w, https:\/\/ecolenotredame-saintvincentdeslandes.fr\/wp-content\/uploads\/2023\/04\/affiche-jardins-enchantes-768x1046.jpg 768w, https:\/\/ecolenotredame-saintvincentdeslandes.fr\/wp-content\/uploads\/2023\/04\/affiche-jardins-enchantes-1128x1536.jpg 1128w, https:\/\/ecolenotredame-saintvincentdeslandes.fr\/wp-content\/uploads\/2023\/04\/affiche-jardins-enchantes.jpg 1175w\" sizes=\"auto, (max-width: 220px) 100vw, 220px\" \/><\/a><\/p>\n<p>Nous avons aim\u00e9 tous les films, ils \u00e9taient tr\u00e8s int\u00e9ressants.<\/p>\n<p><a href=\"https:\/\/ecolenotredame-saintvincentdeslandes.fr\/wp-content\/uploads\/2023\/04\/IMG_20230330_195700-scaled.jpg\"><img loading=\"lazy\" decoding=\"async\" class=\"aligncenter size-medium wp-image-5471\" src=\"https:\/\/ecolenotredame-saintvincentdeslandes.fr\/wp-content\/uploads\/2023\/04\/IMG_20230330_195700-300x225.jpg\" alt=\"\" width=\"300\" height=\"225\" srcset=\"https:\/\/ecolenotredame-saintvincentdeslandes.fr\/wp-content\/uploads\/2023\/04\/IMG_20230330_195700-300x225.jpg 300w, https:\/\/ecolenotredame-saintvincentdeslandes.fr\/wp-content\/uploads\/2023\/04\/IMG_20230330_195700-1024x768.jpg 1024w, https:\/\/ecolenotredame-saintvincentdeslandes.fr\/wp-content\/uploads\/2023\/04\/IMG_20230330_195700-768x576.jpg 768w, https:\/\/ecolenotredame-saintvincentdeslandes.fr\/wp-content\/uploads\/2023\/04\/IMG_20230330_195700-1536x1152.jpg 1536w, https:\/\/ecolenotredame-saintvincentdeslandes.fr\/wp-content\/uploads\/2023\/04\/IMG_20230330_195700-2048x1536.jpg 2048w\" sizes=\"auto, (max-width: 300px) 100vw, 300px\" \/><\/a><\/p>\n","protected":false},"excerpt":{"rendered":"<p>Jeudi 30 mars nous sommes all\u00e9s au cin\u00e9ma de Ch\u00e2teaubriant voir &#8220;Jardins enchant\u00e9s&#8221;. Il y avait six courts m\u00e9trages sur le th\u00e8me des jardins. Les films n&#8217;avaient pas tous \u00e9t\u00e9 r\u00e9alis\u00e9s de la m\u00eame mani\u00e8re : certains personnages et d\u00e9cors \u00e9taient en laine, d&#8217;autres en p\u00e2te \u00e0 modeler, en&nbsp; tissu, en peinture, au crayon de<\/p>\n<p><a href=\"https:\/\/ecolenotredame-saintvincentdeslandes.fr\/?p=5466\" class=\"more-link themebutton\">Lire la suite<\/a><\/p>\n","protected":false},"author":3,"featured_media":0,"comment_status":"closed","ping_status":"closed","sticky":false,"template":"","format":"standard","meta":{"ngg_post_thumbnail":0,"footnotes":""},"categories":[5,4],"tags":[],"class_list":["post-5466","post","type-post","status-publish","format-standard","hentry","category-cp-ce1-ce2","category-maternelle"],"_links":{"self":[{"href":"https:\/\/ecolenotredame-saintvincentdeslandes.fr\/index.php?rest_route=\/wp\/v2\/posts\/5466","targetHints":{"allow":["GET"]}}],"collection":[{"href":"https:\/\/ecolenotredame-saintvincentdeslandes.fr\/index.php?rest_route=\/wp\/v2\/posts"}],"about":[{"href":"https:\/\/ecolenotredame-saintvincentdeslandes.fr\/index.php?rest_route=\/wp\/v2\/types\/post"}],"author":[{"embeddable":true,"href":"https:\/\/ecolenotredame-saintvincentdeslandes.fr\/index.php?rest_route=\/wp\/v2\/users\/3"}],"replies":[{"embeddable":true,"href":"https:\/\/ecolenotredame-saintvincentdeslandes.fr\/index.php?rest_route=%2Fwp%2Fv2%2Fcomments&post=5466"}],"version-history":[{"count":2,"href":"https:\/\/ecolenotredame-saintvincentdeslandes.fr\/index.php?rest_route=\/wp\/v2\/posts\/5466\/revisions"}],"predecessor-version":[{"id":5472,"href":"https:\/\/ecolenotredame-saintvincentdeslandes.fr\/index.php?rest_route=\/wp\/v2\/posts\/5466\/revisions\/5472"}],"wp:attachment":[{"href":"https:\/\/ecolenotredame-saintvincentdeslandes.fr\/index.php?rest_route=%2Fwp%2Fv2%2Fmedia&parent=5466"}],"wp:term":[{"taxonomy":"category","embeddable":true,"href":"https:\/\/ecolenotredame-saintvincentdeslandes.fr\/index.php?rest_route=%2Fwp%2Fv2%2Fcategories&post=5466"},{"taxonomy":"post_tag","embeddable":true,"href":"https:\/\/ecolenotredame-saintvincentdeslandes.fr\/index.php?rest_route=%2Fwp%2Fv2%2Ftags&post=5466"}],"curies":[{"name":"wp","href":"https:\/\/api.w.org\/{rel}","templated":true}]}}