{"id":6110,"date":"2024-04-22T15:24:54","date_gmt":"2024-04-22T14:24:54","guid":{"rendered":"https:\/\/ecolenotredame-saintvincentdeslandes.fr\/?p=6110"},"modified":"2024-04-22T15:29:14","modified_gmt":"2024-04-22T14:29:14","slug":"les-cercles-font-la-fete","status":"publish","type":"post","link":"https:\/\/ecolenotredame-saintvincentdeslandes.fr\/?p=6110","title":{"rendered":"&#8220;Les cercles font la f\u00eate&#8221;"},"content":{"rendered":"<p>Lundi 9 octobre, nous nous sommes r\u00e9unis pour un atelier arts visuels multi \u00e2ge de la PS au CM2.<\/p>\n<p>La proposition \u00e9tait &#8220;<strong>Les cercles font la f\u00eate<\/strong>&#8220;. Nous devions imaginer une production avec du papier color\u00e9 et des gabarits de cercles. Nos seuls outils \u00e9taient : un crayon de bois, des ciseaux et de la colle.<\/p>\n<p><a href=\"https:\/\/ecolenotredame-saintvincentdeslandes.fr\/wp-content\/uploads\/2024\/04\/IMG_20231009_145707-scaled.jpg\"><img loading=\"lazy\" decoding=\"async\" class=\"size-medium wp-image-6111 alignleft\" src=\"https:\/\/ecolenotredame-saintvincentdeslandes.fr\/wp-content\/uploads\/2024\/04\/IMG_20231009_145707-300x225.jpg\" alt=\"\" width=\"300\" height=\"225\" srcset=\"https:\/\/ecolenotredame-saintvincentdeslandes.fr\/wp-content\/uploads\/2024\/04\/IMG_20231009_145707-300x225.jpg 300w, https:\/\/ecolenotredame-saintvincentdeslandes.fr\/wp-content\/uploads\/2024\/04\/IMG_20231009_145707-1024x768.jpg 1024w, https:\/\/ecolenotredame-saintvincentdeslandes.fr\/wp-content\/uploads\/2024\/04\/IMG_20231009_145707-768x576.jpg 768w, https:\/\/ecolenotredame-saintvincentdeslandes.fr\/wp-content\/uploads\/2024\/04\/IMG_20231009_145707-1536x1152.jpg 1536w, https:\/\/ecolenotredame-saintvincentdeslandes.fr\/wp-content\/uploads\/2024\/04\/IMG_20231009_145707-2048x1536.jpg 2048w\" sizes=\"auto, (max-width: 300px) 100vw, 300px\" \/><\/a><\/p>\n<p>&nbsp;<\/p>\n<p><a href=\"https:\/\/ecolenotredame-saintvincentdeslandes.fr\/wp-content\/uploads\/2024\/04\/IMG-20231009-WA0006.jpg\"><img loading=\"lazy\" decoding=\"async\" class=\"size-medium wp-image-6112 alignnone\" src=\"https:\/\/ecolenotredame-saintvincentdeslandes.fr\/wp-content\/uploads\/2024\/04\/IMG-20231009-WA0006-300x225.jpg\" alt=\"\" width=\"300\" height=\"225\" srcset=\"https:\/\/ecolenotredame-saintvincentdeslandes.fr\/wp-content\/uploads\/2024\/04\/IMG-20231009-WA0006-300x225.jpg 300w, https:\/\/ecolenotredame-saintvincentdeslandes.fr\/wp-content\/uploads\/2024\/04\/IMG-20231009-WA0006-1024x768.jpg 1024w, https:\/\/ecolenotredame-saintvincentdeslandes.fr\/wp-content\/uploads\/2024\/04\/IMG-20231009-WA0006-768x576.jpg 768w, https:\/\/ecolenotredame-saintvincentdeslandes.fr\/wp-content\/uploads\/2024\/04\/IMG-20231009-WA0006-1536x1152.jpg 1536w, https:\/\/ecolenotredame-saintvincentdeslandes.fr\/wp-content\/uploads\/2024\/04\/IMG-20231009-WA0006.jpg 1600w\" sizes=\"auto, (max-width: 300px) 100vw, 300px\" \/><\/a><\/p>\n<p>Apr\u00e8s un temps de cr\u00e9ation, nous nous sommes retrouv\u00e9s pour d\u00e9couvrir nos \u0153uvres. Puis les maitresses nous ont montr\u00e9 le tableau &#8220;Rythme et joie de vivre&#8221; de Robert Delaunay.<\/p>\n<p><a href=\"https:\/\/ecolenotredame-saintvincentdeslandes.fr\/wp-content\/uploads\/2024\/04\/IMG_20231009_155416-scaled.jpg\"><img loading=\"lazy\" decoding=\"async\" class=\"size-medium wp-image-6113 alignleft\" src=\"https:\/\/ecolenotredame-saintvincentdeslandes.fr\/wp-content\/uploads\/2024\/04\/IMG_20231009_155416-300x225.jpg\" alt=\"\" width=\"300\" height=\"225\" srcset=\"https:\/\/ecolenotredame-saintvincentdeslandes.fr\/wp-content\/uploads\/2024\/04\/IMG_20231009_155416-300x225.jpg 300w, https:\/\/ecolenotredame-saintvincentdeslandes.fr\/wp-content\/uploads\/2024\/04\/IMG_20231009_155416-1024x768.jpg 1024w, https:\/\/ecolenotredame-saintvincentdeslandes.fr\/wp-content\/uploads\/2024\/04\/IMG_20231009_155416-768x576.jpg 768w, https:\/\/ecolenotredame-saintvincentdeslandes.fr\/wp-content\/uploads\/2024\/04\/IMG_20231009_155416-1536x1152.jpg 1536w, https:\/\/ecolenotredame-saintvincentdeslandes.fr\/wp-content\/uploads\/2024\/04\/IMG_20231009_155416-2048x1536.jpg 2048w\" sizes=\"auto, (max-width: 300px) 100vw, 300px\" \/><\/a><\/p>\n<p>&nbsp;<\/p>\n<p><a href=\"https:\/\/ecolenotredame-saintvincentdeslandes.fr\/wp-content\/uploads\/2024\/04\/IMG-20231009-WA0010.jpg\"><img loading=\"lazy\" decoding=\"async\" class=\"size-medium wp-image-6114 alignnone\" src=\"https:\/\/ecolenotredame-saintvincentdeslandes.fr\/wp-content\/uploads\/2024\/04\/IMG-20231009-WA0010-300x225.jpg\" alt=\"\" width=\"300\" height=\"225\" srcset=\"https:\/\/ecolenotredame-saintvincentdeslandes.fr\/wp-content\/uploads\/2024\/04\/IMG-20231009-WA0010-300x225.jpg 300w, https:\/\/ecolenotredame-saintvincentdeslandes.fr\/wp-content\/uploads\/2024\/04\/IMG-20231009-WA0010-1024x768.jpg 1024w, https:\/\/ecolenotredame-saintvincentdeslandes.fr\/wp-content\/uploads\/2024\/04\/IMG-20231009-WA0010-768x576.jpg 768w, https:\/\/ecolenotredame-saintvincentdeslandes.fr\/wp-content\/uploads\/2024\/04\/IMG-20231009-WA0010-1536x1152.jpg 1536w, https:\/\/ecolenotredame-saintvincentdeslandes.fr\/wp-content\/uploads\/2024\/04\/IMG-20231009-WA0010.jpg 1600w\" sizes=\"auto, (max-width: 300px) 100vw, 300px\" \/>&nbsp;<\/a><\/p>\n<p>Nous avons affich\u00e9 nos \u0153uvres sous le pr\u00e9au des primaires pour les faire d\u00e9couvrir \u00e0 nos parents.<\/p>\n<p><a href=\"https:\/\/ecolenotredame-saintvincentdeslandes.fr\/wp-content\/uploads\/2024\/04\/IMG_20231009_171158-scaled.jpg\"><img loading=\"lazy\" decoding=\"async\" class=\"size-medium wp-image-6116 alignleft\" src=\"https:\/\/ecolenotredame-saintvincentdeslandes.fr\/wp-content\/uploads\/2024\/04\/IMG_20231009_171158-225x300.jpg\" alt=\"\" width=\"225\" height=\"300\" srcset=\"https:\/\/ecolenotredame-saintvincentdeslandes.fr\/wp-content\/uploads\/2024\/04\/IMG_20231009_171158-225x300.jpg 225w, https:\/\/ecolenotredame-saintvincentdeslandes.fr\/wp-content\/uploads\/2024\/04\/IMG_20231009_171158-768x1024.jpg 768w, https:\/\/ecolenotredame-saintvincentdeslandes.fr\/wp-content\/uploads\/2024\/04\/IMG_20231009_171158-1152x1536.jpg 1152w, https:\/\/ecolenotredame-saintvincentdeslandes.fr\/wp-content\/uploads\/2024\/04\/IMG_20231009_171158-1536x2048.jpg 1536w, https:\/\/ecolenotredame-saintvincentdeslandes.fr\/wp-content\/uploads\/2024\/04\/IMG_20231009_171158-scaled.jpg 1920w\" sizes=\"auto, (max-width: 225px) 100vw, 225px\" \/><\/a><\/p>\n<p>&nbsp;<\/p>\n<p><a href=\"https:\/\/ecolenotredame-saintvincentdeslandes.fr\/wp-content\/uploads\/2024\/04\/IMG_20231009_171127-scaled.jpg\"><img loading=\"lazy\" decoding=\"async\" class=\"size-medium wp-image-6115 alignnone\" src=\"https:\/\/ecolenotredame-saintvincentdeslandes.fr\/wp-content\/uploads\/2024\/04\/IMG_20231009_171127-300x225.jpg\" alt=\"\" width=\"300\" height=\"225\" srcset=\"https:\/\/ecolenotredame-saintvincentdeslandes.fr\/wp-content\/uploads\/2024\/04\/IMG_20231009_171127-300x225.jpg 300w, https:\/\/ecolenotredame-saintvincentdeslandes.fr\/wp-content\/uploads\/2024\/04\/IMG_20231009_171127-1024x768.jpg 1024w, https:\/\/ecolenotredame-saintvincentdeslandes.fr\/wp-content\/uploads\/2024\/04\/IMG_20231009_171127-768x576.jpg 768w, https:\/\/ecolenotredame-saintvincentdeslandes.fr\/wp-content\/uploads\/2024\/04\/IMG_20231009_171127-1536x1152.jpg 1536w, https:\/\/ecolenotredame-saintvincentdeslandes.fr\/wp-content\/uploads\/2024\/04\/IMG_20231009_171127-2048x1536.jpg 2048w\" sizes=\"auto, (max-width: 300px) 100vw, 300px\" \/><\/a><\/p>\n","protected":false},"excerpt":{"rendered":"<p>Lundi 9 octobre, nous nous sommes r\u00e9unis pour un atelier arts visuels multi \u00e2ge de la PS au CM2. La proposition \u00e9tait &#8220;Les cercles font la f\u00eate&#8220;. Nous devions imaginer une production avec du papier color\u00e9 et des gabarits de cercles. Nos seuls outils \u00e9taient : un crayon de bois, des ciseaux et de la<\/p>\n<p><a href=\"https:\/\/ecolenotredame-saintvincentdeslandes.fr\/?p=6110\" class=\"more-link themebutton\">Lire la suite<\/a><\/p>\n","protected":false},"author":3,"featured_media":0,"comment_status":"closed","ping_status":"closed","sticky":false,"template":"","format":"standard","meta":{"ngg_post_thumbnail":0,"footnotes":""},"categories":[10],"tags":[],"class_list":["post-6110","post","type-post","status-publish","format-standard","hentry","category-actions"],"_links":{"self":[{"href":"https:\/\/ecolenotredame-saintvincentdeslandes.fr\/index.php?rest_route=\/wp\/v2\/posts\/6110","targetHints":{"allow":["GET"]}}],"collection":[{"href":"https:\/\/ecolenotredame-saintvincentdeslandes.fr\/index.php?rest_route=\/wp\/v2\/posts"}],"about":[{"href":"https:\/\/ecolenotredame-saintvincentdeslandes.fr\/index.php?rest_route=\/wp\/v2\/types\/post"}],"author":[{"embeddable":true,"href":"https:\/\/ecolenotredame-saintvincentdeslandes.fr\/index.php?rest_route=\/wp\/v2\/users\/3"}],"replies":[{"embeddable":true,"href":"https:\/\/ecolenotredame-saintvincentdeslandes.fr\/index.php?rest_route=%2Fwp%2Fv2%2Fcomments&post=6110"}],"version-history":[{"count":5,"href":"https:\/\/ecolenotredame-saintvincentdeslandes.fr\/index.php?rest_route=\/wp\/v2\/posts\/6110\/revisions"}],"predecessor-version":[{"id":6122,"href":"https:\/\/ecolenotredame-saintvincentdeslandes.fr\/index.php?rest_route=\/wp\/v2\/posts\/6110\/revisions\/6122"}],"wp:attachment":[{"href":"https:\/\/ecolenotredame-saintvincentdeslandes.fr\/index.php?rest_route=%2Fwp%2Fv2%2Fmedia&parent=6110"}],"wp:term":[{"taxonomy":"category","embeddable":true,"href":"https:\/\/ecolenotredame-saintvincentdeslandes.fr\/index.php?rest_route=%2Fwp%2Fv2%2Fcategories&post=6110"},{"taxonomy":"post_tag","embeddable":true,"href":"https:\/\/ecolenotredame-saintvincentdeslandes.fr\/index.php?rest_route=%2Fwp%2Fv2%2Ftags&post=6110"}],"curies":[{"name":"wp","href":"https:\/\/api.w.org\/{rel}","templated":true}]}}