{"id":6182,"date":"2024-04-23T09:09:21","date_gmt":"2024-04-23T08:09:21","guid":{"rendered":"https:\/\/ecolenotredame-saintvincentdeslandes.fr\/?p=6182"},"modified":"2024-04-23T09:09:21","modified_gmt":"2024-04-23T08:09:21","slug":"realisation-de-la-creche-a-leglise","status":"publish","type":"post","link":"https:\/\/ecolenotredame-saintvincentdeslandes.fr\/?p=6182","title":{"rendered":"R\u00e9alisation de la cr\u00e8che \u00e0 l&#8217;\u00e9glise"},"content":{"rendered":"<p>Dans le cadre de notre projet pastoral, nous sommes all\u00e9s \u00e0 l&#8217;\u00e9glise pour mettre en place la cr\u00e8che de No\u00ebl avec l&#8217;aide de Jeanine et Ginette qui s&#8217;occupent de la paroisse.<\/p>\n<p>Chaque enfant avait apport\u00e9 une d\u00e9coration (boule, guirlande&#8230;), des brindilles, de la mousse, des pommes de pins &#8230; Les enfants de la GS au CM2 sont all\u00e9s, par groupe, faire les installations.<\/p>\n<p>Le r\u00e9sultat est r\u00e9ussi ! Nous en sommes tr\u00e8s fiers !<\/p>\nngg_shortcode_0_placeholder\n","protected":false},"excerpt":{"rendered":"<p>Dans le cadre de notre projet pastoral, nous sommes all\u00e9s \u00e0 l&#8217;\u00e9glise pour mettre en place la cr\u00e8che de No\u00ebl avec l&#8217;aide de Jeanine et Ginette qui s&#8217;occupent de la paroisse. Chaque enfant avait apport\u00e9 une d\u00e9coration (boule, guirlande&#8230;), des brindilles, de la mousse, des pommes de pins &#8230; Les enfants de la GS au<\/p>\n<p><a href=\"https:\/\/ecolenotredame-saintvincentdeslandes.fr\/?p=6182\" class=\"more-link themebutton\">Lire la suite<\/a><\/p>\n","protected":false},"author":3,"featured_media":0,"comment_status":"closed","ping_status":"closed","sticky":false,"template":"","format":"standard","meta":{"ngg_post_thumbnail":0,"footnotes":""},"categories":[10],"tags":[],"class_list":["post-6182","post","type-post","status-publish","format-standard","hentry","category-actions"],"_links":{"self":[{"href":"https:\/\/ecolenotredame-saintvincentdeslandes.fr\/index.php?rest_route=\/wp\/v2\/posts\/6182","targetHints":{"allow":["GET"]}}],"collection":[{"href":"https:\/\/ecolenotredame-saintvincentdeslandes.fr\/index.php?rest_route=\/wp\/v2\/posts"}],"about":[{"href":"https:\/\/ecolenotredame-saintvincentdeslandes.fr\/index.php?rest_route=\/wp\/v2\/types\/post"}],"author":[{"embeddable":true,"href":"https:\/\/ecolenotredame-saintvincentdeslandes.fr\/index.php?rest_route=\/wp\/v2\/users\/3"}],"replies":[{"embeddable":true,"href":"https:\/\/ecolenotredame-saintvincentdeslandes.fr\/index.php?rest_route=%2Fwp%2Fv2%2Fcomments&post=6182"}],"version-history":[{"count":2,"href":"https:\/\/ecolenotredame-saintvincentdeslandes.fr\/index.php?rest_route=\/wp\/v2\/posts\/6182\/revisions"}],"predecessor-version":[{"id":6193,"href":"https:\/\/ecolenotredame-saintvincentdeslandes.fr\/index.php?rest_route=\/wp\/v2\/posts\/6182\/revisions\/6193"}],"wp:attachment":[{"href":"https:\/\/ecolenotredame-saintvincentdeslandes.fr\/index.php?rest_route=%2Fwp%2Fv2%2Fmedia&parent=6182"}],"wp:term":[{"taxonomy":"category","embeddable":true,"href":"https:\/\/ecolenotredame-saintvincentdeslandes.fr\/index.php?rest_route=%2Fwp%2Fv2%2Fcategories&post=6182"},{"taxonomy":"post_tag","embeddable":true,"href":"https:\/\/ecolenotredame-saintvincentdeslandes.fr\/index.php?rest_route=%2Fwp%2Fv2%2Ftags&post=6182"}],"curies":[{"name":"wp","href":"https:\/\/api.w.org\/{rel}","templated":true}]}}