{"id":6249,"date":"2024-04-23T09:47:55","date_gmt":"2024-04-23T08:47:55","guid":{"rendered":"https:\/\/ecolenotredame-saintvincentdeslandes.fr\/?p=6249"},"modified":"2024-04-23T09:47:55","modified_gmt":"2024-04-23T08:47:55","slug":"notre-celebration-de-noel","status":"publish","type":"post","link":"https:\/\/ecolenotredame-saintvincentdeslandes.fr\/?p=6249","title":{"rendered":"Notre c\u00e9l\u00e9bration de No\u00ebl"},"content":{"rendered":"<p>Jeudi 21 d\u00e9cembre \u00e0 9h, nous avions invit\u00e9 le P\u00e8re Patrice, les familles et les paroissiens \u00e0 venir nous rejoindre \u00e0 l&#8217;\u00e9glise de Saint Vincent des Landes pour une c\u00e9l\u00e9bration de No\u00ebl autour de notre cr\u00e8che.&nbsp;<\/p>\n<p>Un temps fort de notre projet pastoral, appr\u00e9ci\u00e9 des enfants et des adultes.<\/p>\nngg_shortcode_0_placeholder\n","protected":false},"excerpt":{"rendered":"<p>Jeudi 21 d\u00e9cembre \u00e0 9h, nous avions invit\u00e9 le P\u00e8re Patrice, les familles et les paroissiens \u00e0 venir nous rejoindre \u00e0 l&#8217;\u00e9glise de Saint Vincent des Landes pour une c\u00e9l\u00e9bration de No\u00ebl autour de notre cr\u00e8che.&nbsp; Un temps fort de notre projet pastoral, appr\u00e9ci\u00e9 des enfants et des adultes.<\/p>\n","protected":false},"author":3,"featured_media":0,"comment_status":"closed","ping_status":"closed","sticky":false,"template":"","format":"standard","meta":{"ngg_post_thumbnail":0,"footnotes":""},"categories":[10],"tags":[],"class_list":["post-6249","post","type-post","status-publish","format-standard","hentry","category-actions"],"_links":{"self":[{"href":"https:\/\/ecolenotredame-saintvincentdeslandes.fr\/index.php?rest_route=\/wp\/v2\/posts\/6249","targetHints":{"allow":["GET"]}}],"collection":[{"href":"https:\/\/ecolenotredame-saintvincentdeslandes.fr\/index.php?rest_route=\/wp\/v2\/posts"}],"about":[{"href":"https:\/\/ecolenotredame-saintvincentdeslandes.fr\/index.php?rest_route=\/wp\/v2\/types\/post"}],"author":[{"embeddable":true,"href":"https:\/\/ecolenotredame-saintvincentdeslandes.fr\/index.php?rest_route=\/wp\/v2\/users\/3"}],"replies":[{"embeddable":true,"href":"https:\/\/ecolenotredame-saintvincentdeslandes.fr\/index.php?rest_route=%2Fwp%2Fv2%2Fcomments&post=6249"}],"version-history":[{"count":1,"href":"https:\/\/ecolenotredame-saintvincentdeslandes.fr\/index.php?rest_route=\/wp\/v2\/posts\/6249\/revisions"}],"predecessor-version":[{"id":6250,"href":"https:\/\/ecolenotredame-saintvincentdeslandes.fr\/index.php?rest_route=\/wp\/v2\/posts\/6249\/revisions\/6250"}],"wp:attachment":[{"href":"https:\/\/ecolenotredame-saintvincentdeslandes.fr\/index.php?rest_route=%2Fwp%2Fv2%2Fmedia&parent=6249"}],"wp:term":[{"taxonomy":"category","embeddable":true,"href":"https:\/\/ecolenotredame-saintvincentdeslandes.fr\/index.php?rest_route=%2Fwp%2Fv2%2Fcategories&post=6249"},{"taxonomy":"post_tag","embeddable":true,"href":"https:\/\/ecolenotredame-saintvincentdeslandes.fr\/index.php?rest_route=%2Fwp%2Fv2%2Ftags&post=6249"}],"curies":[{"name":"wp","href":"https:\/\/api.w.org\/{rel}","templated":true}]}}