{"id":6266,"date":"2024-04-23T10:03:34","date_gmt":"2024-04-23T09:03:34","guid":{"rendered":"https:\/\/ecolenotredame-saintvincentdeslandes.fr\/?p=6266"},"modified":"2024-04-23T10:06:17","modified_gmt":"2024-04-23T09:06:17","slug":"une-journee-speciale-pour-feter-noel","status":"publish","type":"post","link":"https:\/\/ecolenotredame-saintvincentdeslandes.fr\/?p=6266","title":{"rendered":"Une journ\u00e9e sp\u00e9ciale pour f\u00eater No\u00ebl"},"content":{"rendered":"<p>Vendredi 22 d\u00e9cembre, tous les enfants et adultes de l&#8217;\u00e9cole \u00e9taient invit\u00e9s \u00e0 apporter un accessoire de No\u00ebl.&nbsp;<\/p>\n<p><a href=\"https:\/\/ecolenotredame-saintvincentdeslandes.fr\/wp-content\/uploads\/2024\/04\/IMG_20231222_112704-scaled.jpg\"><img loading=\"lazy\" decoding=\"async\" class=\"size-medium wp-image-6267 aligncenter\" src=\"https:\/\/ecolenotredame-saintvincentdeslandes.fr\/wp-content\/uploads\/2024\/04\/IMG_20231222_112704-300x225.jpg\" alt=\"\" width=\"300\" height=\"225\" srcset=\"https:\/\/ecolenotredame-saintvincentdeslandes.fr\/wp-content\/uploads\/2024\/04\/IMG_20231222_112704-300x225.jpg 300w, https:\/\/ecolenotredame-saintvincentdeslandes.fr\/wp-content\/uploads\/2024\/04\/IMG_20231222_112704-1024x768.jpg 1024w, https:\/\/ecolenotredame-saintvincentdeslandes.fr\/wp-content\/uploads\/2024\/04\/IMG_20231222_112704-768x576.jpg 768w, https:\/\/ecolenotredame-saintvincentdeslandes.fr\/wp-content\/uploads\/2024\/04\/IMG_20231222_112704-1536x1152.jpg 1536w, https:\/\/ecolenotredame-saintvincentdeslandes.fr\/wp-content\/uploads\/2024\/04\/IMG_20231222_112704-2048x1536.jpg 2048w\" sizes=\"auto, (max-width: 300px) 100vw, 300px\" \/><\/a><\/p>\nngg_shortcode_0_placeholder\n<p>Les maternelles ont pr\u00e9par\u00e9 des sabl\u00e9s que nous avons d\u00e9gust\u00e9s lors d&#8217;un go\u00fbter en f\u00eatant les anniversaires du mois de d\u00e9cembre.<\/p>\nngg_shortcode_1_placeholder\n<p>Les maitresses aussi se sont pr\u00e9par\u00e9es pour f\u00eater No\u00ebl :<\/p>\n<p><a href=\"https:\/\/ecolenotredame-saintvincentdeslandes.fr\/wp-content\/uploads\/2024\/04\/IMG_20231222_163114-scaled.jpg\"><img loading=\"lazy\" decoding=\"async\" class=\"aligncenter size-medium wp-image-6268\" src=\"https:\/\/ecolenotredame-saintvincentdeslandes.fr\/wp-content\/uploads\/2024\/04\/IMG_20231222_163114-300x225.jpg\" alt=\"\" width=\"300\" height=\"225\" srcset=\"https:\/\/ecolenotredame-saintvincentdeslandes.fr\/wp-content\/uploads\/2024\/04\/IMG_20231222_163114-300x225.jpg 300w, https:\/\/ecolenotredame-saintvincentdeslandes.fr\/wp-content\/uploads\/2024\/04\/IMG_20231222_163114-1024x768.jpg 1024w, https:\/\/ecolenotredame-saintvincentdeslandes.fr\/wp-content\/uploads\/2024\/04\/IMG_20231222_163114-768x576.jpg 768w, https:\/\/ecolenotredame-saintvincentdeslandes.fr\/wp-content\/uploads\/2024\/04\/IMG_20231222_163114-1536x1152.jpg 1536w, https:\/\/ecolenotredame-saintvincentdeslandes.fr\/wp-content\/uploads\/2024\/04\/IMG_20231222_163114-2048x1536.jpg 2048w\" sizes=\"auto, (max-width: 300px) 100vw, 300px\" \/><\/a><\/p>\n<p>&nbsp;<\/p>\n","protected":false},"excerpt":{"rendered":"<p>Vendredi 22 d\u00e9cembre, tous les enfants et adultes de l&#8217;\u00e9cole \u00e9taient invit\u00e9s \u00e0 apporter un accessoire de No\u00ebl.&nbsp; &nbsp; Les maternelles ont pr\u00e9par\u00e9 des sabl\u00e9s que nous avons d\u00e9gust\u00e9s lors d&#8217;un go\u00fbter en f\u00eatant les anniversaires du mois de d\u00e9cembre. &nbsp; Les maitresses aussi se sont pr\u00e9par\u00e9es pour f\u00eater No\u00ebl : &nbsp;<\/p>\n","protected":false},"author":3,"featured_media":0,"comment_status":"closed","ping_status":"closed","sticky":false,"template":"","format":"standard","meta":{"ngg_post_thumbnail":0,"footnotes":""},"categories":[10],"tags":[],"class_list":["post-6266","post","type-post","status-publish","format-standard","hentry","category-actions"],"_links":{"self":[{"href":"https:\/\/ecolenotredame-saintvincentdeslandes.fr\/index.php?rest_route=\/wp\/v2\/posts\/6266","targetHints":{"allow":["GET"]}}],"collection":[{"href":"https:\/\/ecolenotredame-saintvincentdeslandes.fr\/index.php?rest_route=\/wp\/v2\/posts"}],"about":[{"href":"https:\/\/ecolenotredame-saintvincentdeslandes.fr\/index.php?rest_route=\/wp\/v2\/types\/post"}],"author":[{"embeddable":true,"href":"https:\/\/ecolenotredame-saintvincentdeslandes.fr\/index.php?rest_route=\/wp\/v2\/users\/3"}],"replies":[{"embeddable":true,"href":"https:\/\/ecolenotredame-saintvincentdeslandes.fr\/index.php?rest_route=%2Fwp%2Fv2%2Fcomments&post=6266"}],"version-history":[{"count":2,"href":"https:\/\/ecolenotredame-saintvincentdeslandes.fr\/index.php?rest_route=\/wp\/v2\/posts\/6266\/revisions"}],"predecessor-version":[{"id":6271,"href":"https:\/\/ecolenotredame-saintvincentdeslandes.fr\/index.php?rest_route=\/wp\/v2\/posts\/6266\/revisions\/6271"}],"wp:attachment":[{"href":"https:\/\/ecolenotredame-saintvincentdeslandes.fr\/index.php?rest_route=%2Fwp%2Fv2%2Fmedia&parent=6266"}],"wp:term":[{"taxonomy":"category","embeddable":true,"href":"https:\/\/ecolenotredame-saintvincentdeslandes.fr\/index.php?rest_route=%2Fwp%2Fv2%2Fcategories&post=6266"},{"taxonomy":"post_tag","embeddable":true,"href":"https:\/\/ecolenotredame-saintvincentdeslandes.fr\/index.php?rest_route=%2Fwp%2Fv2%2Ftags&post=6266"}],"curies":[{"name":"wp","href":"https:\/\/api.w.org\/{rel}","templated":true}]}}