{"id":6342,"date":"2024-04-23T11:48:23","date_gmt":"2024-04-23T10:48:23","guid":{"rendered":"https:\/\/ecolenotredame-saintvincentdeslandes.fr\/?p=6342"},"modified":"2024-04-23T11:48:23","modified_gmt":"2024-04-23T10:48:23","slug":"ateliers-mardi-gras-et-carnaval","status":"publish","type":"post","link":"https:\/\/ecolenotredame-saintvincentdeslandes.fr\/?p=6342","title":{"rendered":"ateliers Mardi gras et Carnaval"},"content":{"rendered":"<p>Mardi 13 f\u00e9vrier, nous avons v\u00e9cu une journ\u00e9e sp\u00e9ciale autour de Mardi Gras et du Carnaval. Chaque enfant et adulte sont arriv\u00e9s d\u00e9guis\u00e9s pour cette occasion.<\/p>\n<p>En d\u00e9but de matin\u00e9e, les CP CE CM ont particip\u00e9 \u00e0 trois ateliers :<\/p>\n<ul>\n<li>r\u00e9alisation de la p\u00e2te \u00e0 cr\u00eapes pour le go\u00fbter de l&#8217;apr\u00e8s-midi<\/li>\n<\/ul>\nngg_shortcode_0_placeholder\n<ul>\n<li>atelier pastoral : Qu&#8217;est-ce que Mardi Gras? Pourquoi f\u00eate-t-on Carnaval le jour du Mardi Gras?<\/li>\n<\/ul>\nngg_shortcode_1_placeholder\n<ul>\n<li>atelier coloriage d&#8217;une carte de Mardi Gras<\/li>\n<\/ul>\nngg_shortcode_2_placeholder\n<p>Puis \u00e0 10h30, nous nous sommes pr\u00e9par\u00e9s et avons pris la direction de la maison de retraite pour participer \u00e0 un d\u00e9fil\u00e9 de Carnaval avec les mamies et papys qui s&#8217;\u00e9taient eux aussi d\u00e9guis\u00e9s.<\/p>\nngg_shortcode_3_placeholder\n<p><a href=\"https:\/\/ecolenotredame-saintvincentdeslandes.fr\/wp-content\/uploads\/2024\/04\/IMG_20240213_114959-scaled.jpg\"><img loading=\"lazy\" decoding=\"async\" class=\"size-medium wp-image-6343 alignleft\" src=\"https:\/\/ecolenotredame-saintvincentdeslandes.fr\/wp-content\/uploads\/2024\/04\/IMG_20240213_114959-300x225.jpg\" alt=\"\" width=\"300\" height=\"225\" srcset=\"https:\/\/ecolenotredame-saintvincentdeslandes.fr\/wp-content\/uploads\/2024\/04\/IMG_20240213_114959-300x225.jpg 300w, https:\/\/ecolenotredame-saintvincentdeslandes.fr\/wp-content\/uploads\/2024\/04\/IMG_20240213_114959-1024x768.jpg 1024w, https:\/\/ecolenotredame-saintvincentdeslandes.fr\/wp-content\/uploads\/2024\/04\/IMG_20240213_114959-768x576.jpg 768w, https:\/\/ecolenotredame-saintvincentdeslandes.fr\/wp-content\/uploads\/2024\/04\/IMG_20240213_114959-1536x1152.jpg 1536w, https:\/\/ecolenotredame-saintvincentdeslandes.fr\/wp-content\/uploads\/2024\/04\/IMG_20240213_114959-2048x1536.jpg 2048w\" sizes=\"auto, (max-width: 300px) 100vw, 300px\" \/><\/a><\/p>\n<p>&nbsp;<\/p>\n<p><a href=\"https:\/\/ecolenotredame-saintvincentdeslandes.fr\/wp-content\/uploads\/2024\/04\/IMG_20240213_121030-scaled.jpg\"><img loading=\"lazy\" decoding=\"async\" class=\"size-medium wp-image-6344 alignnone\" src=\"https:\/\/ecolenotredame-saintvincentdeslandes.fr\/wp-content\/uploads\/2024\/04\/IMG_20240213_121030-300x225.jpg\" alt=\"\" width=\"300\" height=\"225\" srcset=\"https:\/\/ecolenotredame-saintvincentdeslandes.fr\/wp-content\/uploads\/2024\/04\/IMG_20240213_121030-300x225.jpg 300w, https:\/\/ecolenotredame-saintvincentdeslandes.fr\/wp-content\/uploads\/2024\/04\/IMG_20240213_121030-1024x768.jpg 1024w, https:\/\/ecolenotredame-saintvincentdeslandes.fr\/wp-content\/uploads\/2024\/04\/IMG_20240213_121030-768x576.jpg 768w, https:\/\/ecolenotredame-saintvincentdeslandes.fr\/wp-content\/uploads\/2024\/04\/IMG_20240213_121030-1536x1152.jpg 1536w, https:\/\/ecolenotredame-saintvincentdeslandes.fr\/wp-content\/uploads\/2024\/04\/IMG_20240213_121030-2048x1536.jpg 2048w\" sizes=\"auto, (max-width: 300px) 100vw, 300px\" \/><\/a><\/p>\n<p>&nbsp;<\/p>\n<p>L&#8217;apr\u00e8s-midi, les maternelles sont retourn\u00e9s \u00e0 la maison de retraite o\u00f9 les r\u00e9sidents leur avaient pr\u00e9par\u00e9 des cr\u00eapes.<\/p>\nngg_shortcode_4_placeholder\n<p>Les CP CE CM ont r\u00e9alis\u00e9 leurs cr\u00eapes et avaient invit\u00e9 Jeanine et Ginette de la Paroisse \u00e0 venir les d\u00e9guster avec eux.<\/p>\nngg_shortcode_5_placeholder\n<p>Une belle journ\u00e9e de Mardi Gras et Carnaval v\u00e9cue entre g\u00e9n\u00e9rations&#8230;<\/p>\n<p>&nbsp;<\/p>\n","protected":false},"excerpt":{"rendered":"<p>Mardi 13 f\u00e9vrier, nous avons v\u00e9cu une journ\u00e9e sp\u00e9ciale autour de Mardi Gras et du Carnaval. Chaque enfant et adulte sont arriv\u00e9s d\u00e9guis\u00e9s pour cette occasion. En d\u00e9but de matin\u00e9e, les CP CE CM ont particip\u00e9 \u00e0 trois ateliers : r\u00e9alisation de la p\u00e2te \u00e0 cr\u00eapes pour le go\u00fbter de l&#8217;apr\u00e8s-midi &nbsp; atelier pastoral :<\/p>\n<p><a href=\"https:\/\/ecolenotredame-saintvincentdeslandes.fr\/?p=6342\" class=\"more-link themebutton\">Lire la suite<\/a><\/p>\n","protected":false},"author":3,"featured_media":0,"comment_status":"closed","ping_status":"closed","sticky":false,"template":"","format":"standard","meta":{"ngg_post_thumbnail":0,"footnotes":""},"categories":[10],"tags":[],"class_list":["post-6342","post","type-post","status-publish","format-standard","hentry","category-actions"],"_links":{"self":[{"href":"https:\/\/ecolenotredame-saintvincentdeslandes.fr\/index.php?rest_route=\/wp\/v2\/posts\/6342","targetHints":{"allow":["GET"]}}],"collection":[{"href":"https:\/\/ecolenotredame-saintvincentdeslandes.fr\/index.php?rest_route=\/wp\/v2\/posts"}],"about":[{"href":"https:\/\/ecolenotredame-saintvincentdeslandes.fr\/index.php?rest_route=\/wp\/v2\/types\/post"}],"author":[{"embeddable":true,"href":"https:\/\/ecolenotredame-saintvincentdeslandes.fr\/index.php?rest_route=\/wp\/v2\/users\/3"}],"replies":[{"embeddable":true,"href":"https:\/\/ecolenotredame-saintvincentdeslandes.fr\/index.php?rest_route=%2Fwp%2Fv2%2Fcomments&post=6342"}],"version-history":[{"count":1,"href":"https:\/\/ecolenotredame-saintvincentdeslandes.fr\/index.php?rest_route=\/wp\/v2\/posts\/6342\/revisions"}],"predecessor-version":[{"id":6345,"href":"https:\/\/ecolenotredame-saintvincentdeslandes.fr\/index.php?rest_route=\/wp\/v2\/posts\/6342\/revisions\/6345"}],"wp:attachment":[{"href":"https:\/\/ecolenotredame-saintvincentdeslandes.fr\/index.php?rest_route=%2Fwp%2Fv2%2Fmedia&parent=6342"}],"wp:term":[{"taxonomy":"category","embeddable":true,"href":"https:\/\/ecolenotredame-saintvincentdeslandes.fr\/index.php?rest_route=%2Fwp%2Fv2%2Fcategories&post=6342"},{"taxonomy":"post_tag","embeddable":true,"href":"https:\/\/ecolenotredame-saintvincentdeslandes.fr\/index.php?rest_route=%2Fwp%2Fv2%2Ftags&post=6342"}],"curies":[{"name":"wp","href":"https:\/\/api.w.org\/{rel}","templated":true}]}}