{"id":6542,"date":"2024-04-23T15:36:27","date_gmt":"2024-04-23T14:36:27","guid":{"rendered":"https:\/\/ecolenotredame-saintvincentdeslandes.fr\/?p=6542"},"modified":"2024-04-23T15:36:27","modified_gmt":"2024-04-23T14:36:27","slug":"notre-marche-solidaire-2","status":"publish","type":"post","link":"https:\/\/ecolenotredame-saintvincentdeslandes.fr\/?p=6542","title":{"rendered":"Notre marche solidaire"},"content":{"rendered":"<p>Notre marche solidaire au profit de l&#8217;association<a href=\"https:\/\/www.facebook.com\/santevousbien44\/?locale=fr_FR\"> Sant\u00e9 Vous Bien 44<\/a> s&#8217;est d\u00e9roul\u00e9e vendredi 19 avril au matin.<\/p>\n<p>Enfants, enseignants, parents, grands-parents et b\u00e9n\u00e9voles de l&#8217;association sont partis \u00e0 9h pour environ 2 h de marche sur les sentiers vincentais.<\/p>\nngg_shortcode_0_placeholder\n<p>Les enfants de maternelle ont d&#8217;abord effectu\u00e9 un parcours de 3 kms. Puis le groupe des GS et quelques enfants de PS et MS est reparti pour 3 kms suppl\u00e9mentaires, soit 6 kms au total.<\/p>\nngg_shortcode_1_placeholder\n<p>Les CP CE1 ont march\u00e9 9kms en passant par la Sinerais, la salle des sports, la gare, la Blinais, la Rigaudais, le terrain d&#8217;auto cross &#8230;<\/p>\nngg_shortcode_2_placeholder\n<p>Les CE2 CM sont all\u00e9s au ch\u00e2teau de Caratel, et sont revenus apr\u00e8s un circuit de 10-11kms.<\/p>\nngg_shortcode_3_placeholder\n<p>L&#8217;apr\u00e8s-midi, nous nous sommes retrouv\u00e9s pour un go\u00fbter de fin de p\u00e9riode. Nous avons annonc\u00e9 le r\u00e9sultat de notre marche : <span style=\"color: #0000ff;\"><strong>356 kms<\/strong><\/span> parcourus par les enfants. BRAVO \u00e0 tous !<\/p>\nngg_shortcode_4_placeholder\n","protected":false},"excerpt":{"rendered":"<p>Notre marche solidaire au profit de l&#8217;association Sant\u00e9 Vous Bien 44 s&#8217;est d\u00e9roul\u00e9e vendredi 19 avril au matin. Enfants, enseignants, parents, grands-parents et b\u00e9n\u00e9voles de l&#8217;association sont partis \u00e0 9h pour environ 2 h de marche sur les sentiers vincentais. &nbsp; Les enfants de maternelle ont d&#8217;abord effectu\u00e9 un parcours de 3 kms. Puis le<\/p>\n<p><a href=\"https:\/\/ecolenotredame-saintvincentdeslandes.fr\/?p=6542\" class=\"more-link themebutton\">Lire la suite<\/a><\/p>\n","protected":false},"author":3,"featured_media":0,"comment_status":"closed","ping_status":"closed","sticky":false,"template":"","format":"standard","meta":{"ngg_post_thumbnail":0,"footnotes":""},"categories":[10],"tags":[],"class_list":["post-6542","post","type-post","status-publish","format-standard","hentry","category-actions"],"_links":{"self":[{"href":"https:\/\/ecolenotredame-saintvincentdeslandes.fr\/index.php?rest_route=\/wp\/v2\/posts\/6542","targetHints":{"allow":["GET"]}}],"collection":[{"href":"https:\/\/ecolenotredame-saintvincentdeslandes.fr\/index.php?rest_route=\/wp\/v2\/posts"}],"about":[{"href":"https:\/\/ecolenotredame-saintvincentdeslandes.fr\/index.php?rest_route=\/wp\/v2\/types\/post"}],"author":[{"embeddable":true,"href":"https:\/\/ecolenotredame-saintvincentdeslandes.fr\/index.php?rest_route=\/wp\/v2\/users\/3"}],"replies":[{"embeddable":true,"href":"https:\/\/ecolenotredame-saintvincentdeslandes.fr\/index.php?rest_route=%2Fwp%2Fv2%2Fcomments&post=6542"}],"version-history":[{"count":1,"href":"https:\/\/ecolenotredame-saintvincentdeslandes.fr\/index.php?rest_route=\/wp\/v2\/posts\/6542\/revisions"}],"predecessor-version":[{"id":6543,"href":"https:\/\/ecolenotredame-saintvincentdeslandes.fr\/index.php?rest_route=\/wp\/v2\/posts\/6542\/revisions\/6543"}],"wp:attachment":[{"href":"https:\/\/ecolenotredame-saintvincentdeslandes.fr\/index.php?rest_route=%2Fwp%2Fv2%2Fmedia&parent=6542"}],"wp:term":[{"taxonomy":"category","embeddable":true,"href":"https:\/\/ecolenotredame-saintvincentdeslandes.fr\/index.php?rest_route=%2Fwp%2Fv2%2Fcategories&post=6542"},{"taxonomy":"post_tag","embeddable":true,"href":"https:\/\/ecolenotredame-saintvincentdeslandes.fr\/index.php?rest_route=%2Fwp%2Fv2%2Ftags&post=6542"}],"curies":[{"name":"wp","href":"https:\/\/api.w.org\/{rel}","templated":true}]}}