{"id":6887,"date":"2025-01-02T17:00:50","date_gmt":"2025-01-02T16:00:50","guid":{"rendered":"https:\/\/ecolenotredame-saintvincentdeslandes.fr\/?p=6887"},"modified":"2025-01-02T17:01:41","modified_gmt":"2025-01-02T16:01:41","slug":"la-rentree-des-familles-2","status":"publish","type":"post","link":"https:\/\/ecolenotredame-saintvincentdeslandes.fr\/?p=6887","title":{"rendered":"La rentr\u00e9e des familles"},"content":{"rendered":"<p>Le vendredi 6 septembre s&#8217;est d\u00e9roul\u00e9e notre &#8220;rentr\u00e9e des familles&#8221;. Un temps fort et convivial pour permettre aux membres de la communaut\u00e9 \u00e9ducative de se retrouver et d&#8217;accueillir les nouvelles familles, les nouveaux \u00e9l\u00e8ves. L&#8217;occasion \u00e9galement de faire un rapide bilan de l&#8217;ann\u00e9e pass\u00e9e et de se donner des perspectives pour l&#8217;ann\u00e9e qui d\u00e9bute.<\/p>\nngg_shortcode_0_placeholder\n","protected":false},"excerpt":{"rendered":"<p>Le vendredi 6 septembre s&#8217;est d\u00e9roul\u00e9e notre &#8220;rentr\u00e9e des familles&#8221;. Un temps fort et convivial pour permettre aux membres de la communaut\u00e9 \u00e9ducative de se retrouver et d&#8217;accueillir les nouvelles familles, les nouveaux \u00e9l\u00e8ves. L&#8217;occasion \u00e9galement de faire un rapide bilan de l&#8217;ann\u00e9e pass\u00e9e et de se donner des perspectives pour l&#8217;ann\u00e9e qui d\u00e9bute. &nbsp;<\/p>\n","protected":false},"author":3,"featured_media":0,"comment_status":"closed","ping_status":"closed","sticky":false,"template":"","format":"standard","meta":{"ngg_post_thumbnail":0,"footnotes":""},"categories":[8],"tags":[],"class_list":["post-6887","post","type-post","status-publish","format-standard","hentry","category-blog-ogec"],"_links":{"self":[{"href":"https:\/\/ecolenotredame-saintvincentdeslandes.fr\/index.php?rest_route=\/wp\/v2\/posts\/6887","targetHints":{"allow":["GET"]}}],"collection":[{"href":"https:\/\/ecolenotredame-saintvincentdeslandes.fr\/index.php?rest_route=\/wp\/v2\/posts"}],"about":[{"href":"https:\/\/ecolenotredame-saintvincentdeslandes.fr\/index.php?rest_route=\/wp\/v2\/types\/post"}],"author":[{"embeddable":true,"href":"https:\/\/ecolenotredame-saintvincentdeslandes.fr\/index.php?rest_route=\/wp\/v2\/users\/3"}],"replies":[{"embeddable":true,"href":"https:\/\/ecolenotredame-saintvincentdeslandes.fr\/index.php?rest_route=%2Fwp%2Fv2%2Fcomments&post=6887"}],"version-history":[{"count":2,"href":"https:\/\/ecolenotredame-saintvincentdeslandes.fr\/index.php?rest_route=\/wp\/v2\/posts\/6887\/revisions"}],"predecessor-version":[{"id":6899,"href":"https:\/\/ecolenotredame-saintvincentdeslandes.fr\/index.php?rest_route=\/wp\/v2\/posts\/6887\/revisions\/6899"}],"wp:attachment":[{"href":"https:\/\/ecolenotredame-saintvincentdeslandes.fr\/index.php?rest_route=%2Fwp%2Fv2%2Fmedia&parent=6887"}],"wp:term":[{"taxonomy":"category","embeddable":true,"href":"https:\/\/ecolenotredame-saintvincentdeslandes.fr\/index.php?rest_route=%2Fwp%2Fv2%2Fcategories&post=6887"},{"taxonomy":"post_tag","embeddable":true,"href":"https:\/\/ecolenotredame-saintvincentdeslandes.fr\/index.php?rest_route=%2Fwp%2Fv2%2Ftags&post=6887"}],"curies":[{"name":"wp","href":"https:\/\/api.w.org\/{rel}","templated":true}]}}