{"id":6900,"date":"2025-01-02T17:59:33","date_gmt":"2025-01-02T16:59:33","guid":{"rendered":"https:\/\/ecolenotredame-saintvincentdeslandes.fr\/?p=6900"},"modified":"2025-01-02T17:59:33","modified_gmt":"2025-01-02T16:59:33","slug":"les-cp-ce-cm-a-la-foire-de-bere","status":"publish","type":"post","link":"https:\/\/ecolenotredame-saintvincentdeslandes.fr\/?p=6900","title":{"rendered":"Les CP CE CM \u00e0 la foire de B\u00e9r\u00e9"},"content":{"rendered":"<p>Lundi 9 septembre, les CP CE CM ont pass\u00e9 la journ\u00e9e \u00e0 la foire de B\u00e9r\u00e9.<\/p>\n<p>Chaque classe a pu b\u00e9n\u00e9ficier de 4 ateliers dans &#8220;le village&#8221; ou &#8220;l&#8217;espace \u00e9questre&#8221; . Les enfants ont aussi profit\u00e9 des jeux et animations de l&#8217;Exporama.<\/p>\n<p><em><span style=\"color: #3366ff;\">les CP CE1<\/span><\/em><\/p>\nngg_shortcode_0_placeholder\n<p><em><span style=\"color: #3366ff;\">les CE2 CM<\/span><\/em><\/p>\nngg_shortcode_1_placeholder\n<p><em><span style=\"color: #3366ff;\">le pique-nique<\/span><\/em><\/p>\nngg_shortcode_2_placeholder\n","protected":false},"excerpt":{"rendered":"<p>Lundi 9 septembre, les CP CE CM ont pass\u00e9 la journ\u00e9e \u00e0 la foire de B\u00e9r\u00e9. Chaque classe a pu b\u00e9n\u00e9ficier de 4 ateliers dans &#8220;le village&#8221; ou &#8220;l&#8217;espace \u00e9questre&#8221; . Les enfants ont aussi profit\u00e9 des jeux et animations de l&#8217;Exporama. les CP CE1 &nbsp; les CE2 CM &nbsp; le pique-nique<\/p>\n","protected":false},"author":3,"featured_media":0,"comment_status":"closed","ping_status":"closed","sticky":false,"template":"","format":"standard","meta":{"ngg_post_thumbnail":0,"footnotes":""},"categories":[6,5],"tags":[],"class_list":["post-6900","post","type-post","status-publish","format-standard","hentry","category-cm1-cm2","category-cp-ce1-ce2"],"_links":{"self":[{"href":"https:\/\/ecolenotredame-saintvincentdeslandes.fr\/index.php?rest_route=\/wp\/v2\/posts\/6900","targetHints":{"allow":["GET"]}}],"collection":[{"href":"https:\/\/ecolenotredame-saintvincentdeslandes.fr\/index.php?rest_route=\/wp\/v2\/posts"}],"about":[{"href":"https:\/\/ecolenotredame-saintvincentdeslandes.fr\/index.php?rest_route=\/wp\/v2\/types\/post"}],"author":[{"embeddable":true,"href":"https:\/\/ecolenotredame-saintvincentdeslandes.fr\/index.php?rest_route=\/wp\/v2\/users\/3"}],"replies":[{"embeddable":true,"href":"https:\/\/ecolenotredame-saintvincentdeslandes.fr\/index.php?rest_route=%2Fwp%2Fv2%2Fcomments&post=6900"}],"version-history":[{"count":2,"href":"https:\/\/ecolenotredame-saintvincentdeslandes.fr\/index.php?rest_route=\/wp\/v2\/posts\/6900\/revisions"}],"predecessor-version":[{"id":6926,"href":"https:\/\/ecolenotredame-saintvincentdeslandes.fr\/index.php?rest_route=\/wp\/v2\/posts\/6900\/revisions\/6926"}],"wp:attachment":[{"href":"https:\/\/ecolenotredame-saintvincentdeslandes.fr\/index.php?rest_route=%2Fwp%2Fv2%2Fmedia&parent=6900"}],"wp:term":[{"taxonomy":"category","embeddable":true,"href":"https:\/\/ecolenotredame-saintvincentdeslandes.fr\/index.php?rest_route=%2Fwp%2Fv2%2Fcategories&post=6900"},{"taxonomy":"post_tag","embeddable":true,"href":"https:\/\/ecolenotredame-saintvincentdeslandes.fr\/index.php?rest_route=%2Fwp%2Fv2%2Ftags&post=6900"}],"curies":[{"name":"wp","href":"https:\/\/api.w.org\/{rel}","templated":true}]}}