{"id":6944,"date":"2025-01-02T18:29:08","date_gmt":"2025-01-02T17:29:08","guid":{"rendered":"https:\/\/ecolenotredame-saintvincentdeslandes.fr\/?p=6944"},"modified":"2025-01-02T18:30:01","modified_gmt":"2025-01-02T17:30:01","slug":"sortie-cinema-pour-les-maternelles-cp-ce1","status":"publish","type":"post","link":"https:\/\/ecolenotredame-saintvincentdeslandes.fr\/?p=6944","title":{"rendered":"Sortie cin\u00e9ma pour les maternelles CP CE1"},"content":{"rendered":"<p>Jeudi 17 octobre, les maternelles CP et CE1 \u00e9taient au cin\u00e9ma de Ch\u00e2teaubriant.<\/p>\n<p><a href=\"https:\/\/ecolenotredame-saintvincentdeslandes.fr\/wp-content\/uploads\/2025\/01\/PXL_20241017_073309614-scaled.jpg\"><img loading=\"lazy\" decoding=\"async\" class=\"size-medium wp-image-6946 alignleft\" src=\"https:\/\/ecolenotredame-saintvincentdeslandes.fr\/wp-content\/uploads\/2025\/01\/PXL_20241017_073309614-300x225.jpg\" alt=\"\" width=\"300\" height=\"225\" srcset=\"https:\/\/ecolenotredame-saintvincentdeslandes.fr\/wp-content\/uploads\/2025\/01\/PXL_20241017_073309614-300x225.jpg 300w, https:\/\/ecolenotredame-saintvincentdeslandes.fr\/wp-content\/uploads\/2025\/01\/PXL_20241017_073309614-1024x769.jpg 1024w, https:\/\/ecolenotredame-saintvincentdeslandes.fr\/wp-content\/uploads\/2025\/01\/PXL_20241017_073309614-768x577.jpg 768w, https:\/\/ecolenotredame-saintvincentdeslandes.fr\/wp-content\/uploads\/2025\/01\/PXL_20241017_073309614-1536x1153.jpg 1536w, https:\/\/ecolenotredame-saintvincentdeslandes.fr\/wp-content\/uploads\/2025\/01\/PXL_20241017_073309614-2048x1538.jpg 2048w\" sizes=\"auto, (max-width: 300px) 100vw, 300px\" \/><\/a><\/p>\n<p>&nbsp;<\/p>\n<p><a href=\"https:\/\/ecolenotredame-saintvincentdeslandes.fr\/wp-content\/uploads\/2025\/01\/PXL_20241017_073137991.MP_-scaled.jpg\"><img loading=\"lazy\" decoding=\"async\" class=\"size-medium wp-image-6945 alignnone\" src=\"https:\/\/ecolenotredame-saintvincentdeslandes.fr\/wp-content\/uploads\/2025\/01\/PXL_20241017_073137991.MP_-300x225.jpg\" alt=\"\" width=\"300\" height=\"225\" srcset=\"https:\/\/ecolenotredame-saintvincentdeslandes.fr\/wp-content\/uploads\/2025\/01\/PXL_20241017_073137991.MP_-300x225.jpg 300w, https:\/\/ecolenotredame-saintvincentdeslandes.fr\/wp-content\/uploads\/2025\/01\/PXL_20241017_073137991.MP_-1024x769.jpg 1024w, https:\/\/ecolenotredame-saintvincentdeslandes.fr\/wp-content\/uploads\/2025\/01\/PXL_20241017_073137991.MP_-768x577.jpg 768w, https:\/\/ecolenotredame-saintvincentdeslandes.fr\/wp-content\/uploads\/2025\/01\/PXL_20241017_073137991.MP_-1536x1153.jpg 1536w, https:\/\/ecolenotredame-saintvincentdeslandes.fr\/wp-content\/uploads\/2025\/01\/PXL_20241017_073137991.MP_-2048x1538.jpg 2048w\" sizes=\"auto, (max-width: 300px) 100vw, 300px\" \/><\/a><\/p>\n<p>&nbsp;<\/p>\n<p><a href=\"https:\/\/ecolenotredame-saintvincentdeslandes.fr\/wp-content\/uploads\/2025\/01\/Capelito-fait-son-cinema.jpg\"><img loading=\"lazy\" decoding=\"async\" class=\"size-medium wp-image-6947 aligncenter\" src=\"https:\/\/ecolenotredame-saintvincentdeslandes.fr\/wp-content\/uploads\/2025\/01\/Capelito-fait-son-cinema-225x300.jpg\" alt=\"\" width=\"225\" height=\"300\" data-wp-editing=\"1\" srcset=\"https:\/\/ecolenotredame-saintvincentdeslandes.fr\/wp-content\/uploads\/2025\/01\/Capelito-fait-son-cinema-225x300.jpg 225w, https:\/\/ecolenotredame-saintvincentdeslandes.fr\/wp-content\/uploads\/2025\/01\/Capelito-fait-son-cinema.jpg 338w\" sizes=\"auto, (max-width: 225px) 100vw, 225px\" \/><\/a><\/p>\n<p>&nbsp;<\/p>\n","protected":false},"excerpt":{"rendered":"<p>Jeudi 17 octobre, les maternelles CP et CE1 \u00e9taient au cin\u00e9ma de Ch\u00e2teaubriant. &nbsp; &nbsp; &nbsp;<\/p>\n","protected":false},"author":3,"featured_media":0,"comment_status":"closed","ping_status":"closed","sticky":false,"template":"","format":"standard","meta":{"ngg_post_thumbnail":0,"footnotes":""},"categories":[5,4],"tags":[],"class_list":["post-6944","post","type-post","status-publish","format-standard","hentry","category-cp-ce1-ce2","category-maternelle"],"_links":{"self":[{"href":"https:\/\/ecolenotredame-saintvincentdeslandes.fr\/index.php?rest_route=\/wp\/v2\/posts\/6944","targetHints":{"allow":["GET"]}}],"collection":[{"href":"https:\/\/ecolenotredame-saintvincentdeslandes.fr\/index.php?rest_route=\/wp\/v2\/posts"}],"about":[{"href":"https:\/\/ecolenotredame-saintvincentdeslandes.fr\/index.php?rest_route=\/wp\/v2\/types\/post"}],"author":[{"embeddable":true,"href":"https:\/\/ecolenotredame-saintvincentdeslandes.fr\/index.php?rest_route=\/wp\/v2\/users\/3"}],"replies":[{"embeddable":true,"href":"https:\/\/ecolenotredame-saintvincentdeslandes.fr\/index.php?rest_route=%2Fwp%2Fv2%2Fcomments&post=6944"}],"version-history":[{"count":3,"href":"https:\/\/ecolenotredame-saintvincentdeslandes.fr\/index.php?rest_route=\/wp\/v2\/posts\/6944\/revisions"}],"predecessor-version":[{"id":6950,"href":"https:\/\/ecolenotredame-saintvincentdeslandes.fr\/index.php?rest_route=\/wp\/v2\/posts\/6944\/revisions\/6950"}],"wp:attachment":[{"href":"https:\/\/ecolenotredame-saintvincentdeslandes.fr\/index.php?rest_route=%2Fwp%2Fv2%2Fmedia&parent=6944"}],"wp:term":[{"taxonomy":"category","embeddable":true,"href":"https:\/\/ecolenotredame-saintvincentdeslandes.fr\/index.php?rest_route=%2Fwp%2Fv2%2Fcategories&post=6944"},{"taxonomy":"post_tag","embeddable":true,"href":"https:\/\/ecolenotredame-saintvincentdeslandes.fr\/index.php?rest_route=%2Fwp%2Fv2%2Ftags&post=6944"}],"curies":[{"name":"wp","href":"https:\/\/api.w.org\/{rel}","templated":true}]}}