{"id":6977,"date":"2025-01-02T19:45:49","date_gmt":"2025-01-02T18:45:49","guid":{"rendered":"https:\/\/ecolenotredame-saintvincentdeslandes.fr\/?p=6977"},"modified":"2025-01-02T19:45:49","modified_gmt":"2025-01-02T18:45:49","slug":"premiere-visite-a-la-mediatheque-de-saint-vincent","status":"publish","type":"post","link":"https:\/\/ecolenotredame-saintvincentdeslandes.fr\/?p=6977","title":{"rendered":"Premi\u00e8re visite \u00e0 la m\u00e9diath\u00e8que de Saint Vincent"},"content":{"rendered":"<p>Mardi 3 d\u00e9cembre, les maternelles, CP et CE1 sont all\u00e9s la nouvelle m\u00e9diath\u00e8que Intercommunale de Saint Vincent des Landes.<\/p>\n<p>Apr\u00e8s avoir \u00e9cout\u00e9 une histoire , les enfants ont d\u00e9couvert l&#8217;organisation de la m\u00e9diath\u00e8que et chacun a pu emprunter un livre.<\/p>\n<p><span style=\"color: #ff00ff;\"><em>Les maternelles :<\/em><\/span><\/p>\nngg_shortcode_0_placeholder\n<p><em><span style=\"color: #ff00ff;\">Les CP CE1 :<\/span><\/em><\/p>\nngg_shortcode_1_placeholder\n<p>&nbsp;<\/p>\n","protected":false},"excerpt":{"rendered":"<p>Mardi 3 d\u00e9cembre, les maternelles, CP et CE1 sont all\u00e9s la nouvelle m\u00e9diath\u00e8que Intercommunale de Saint Vincent des Landes. Apr\u00e8s avoir \u00e9cout\u00e9 une histoire , les enfants ont d\u00e9couvert l&#8217;organisation de la m\u00e9diath\u00e8que et chacun a pu emprunter un livre. Les maternelles : &nbsp; Les CP CE1 : &nbsp; &nbsp;<\/p>\n","protected":false},"author":3,"featured_media":0,"comment_status":"closed","ping_status":"closed","sticky":false,"template":"","format":"standard","meta":{"ngg_post_thumbnail":0,"footnotes":""},"categories":[5,4],"tags":[],"class_list":["post-6977","post","type-post","status-publish","format-standard","hentry","category-cp-ce1-ce2","category-maternelle"],"_links":{"self":[{"href":"https:\/\/ecolenotredame-saintvincentdeslandes.fr\/index.php?rest_route=\/wp\/v2\/posts\/6977","targetHints":{"allow":["GET"]}}],"collection":[{"href":"https:\/\/ecolenotredame-saintvincentdeslandes.fr\/index.php?rest_route=\/wp\/v2\/posts"}],"about":[{"href":"https:\/\/ecolenotredame-saintvincentdeslandes.fr\/index.php?rest_route=\/wp\/v2\/types\/post"}],"author":[{"embeddable":true,"href":"https:\/\/ecolenotredame-saintvincentdeslandes.fr\/index.php?rest_route=\/wp\/v2\/users\/3"}],"replies":[{"embeddable":true,"href":"https:\/\/ecolenotredame-saintvincentdeslandes.fr\/index.php?rest_route=%2Fwp%2Fv2%2Fcomments&post=6977"}],"version-history":[{"count":2,"href":"https:\/\/ecolenotredame-saintvincentdeslandes.fr\/index.php?rest_route=\/wp\/v2\/posts\/6977\/revisions"}],"predecessor-version":[{"id":6991,"href":"https:\/\/ecolenotredame-saintvincentdeslandes.fr\/index.php?rest_route=\/wp\/v2\/posts\/6977\/revisions\/6991"}],"wp:attachment":[{"href":"https:\/\/ecolenotredame-saintvincentdeslandes.fr\/index.php?rest_route=%2Fwp%2Fv2%2Fmedia&parent=6977"}],"wp:term":[{"taxonomy":"category","embeddable":true,"href":"https:\/\/ecolenotredame-saintvincentdeslandes.fr\/index.php?rest_route=%2Fwp%2Fv2%2Fcategories&post=6977"},{"taxonomy":"post_tag","embeddable":true,"href":"https:\/\/ecolenotredame-saintvincentdeslandes.fr\/index.php?rest_route=%2Fwp%2Fv2%2Ftags&post=6977"}],"curies":[{"name":"wp","href":"https:\/\/api.w.org\/{rel}","templated":true}]}}