{"id":6997,"date":"2025-01-03T09:01:15","date_gmt":"2025-01-03T08:01:15","guid":{"rendered":"https:\/\/ecolenotredame-saintvincentdeslandes.fr\/?p=6997"},"modified":"2025-01-03T09:01:45","modified_gmt":"2025-01-03T08:01:45","slug":"arbre-de-noel-2024","status":"publish","type":"post","link":"https:\/\/ecolenotredame-saintvincentdeslandes.fr\/?p=6997","title":{"rendered":"Arbre de No\u00ebl 2024"},"content":{"rendered":"<p>Dimanche 15 d\u00e9cembre, s&#8217;est d\u00e9roul\u00e9 l&#8217;Arbre de No\u00ebl. Les enfants ont pr\u00e9par\u00e9 des danses, du th\u00e9\u00e2tre, un chant pour le plus grand bonheur de leur famille venue les applaudir.<\/p>\n<p>A la fin du spectacle le P\u00e8re No\u00ebl est arriv\u00e9 et a distribu\u00e9 un sachet de bonbons \u00e0 chaque enfant, puis il a r\u00e9alis\u00e9 le tirage de la tombola.<\/p>\n<p>Un bel apr\u00e8s-midi pour f\u00eater No\u00ebl !<\/p>\n<p><em><span style=\"color: #ff00ff;\">les maternelles :<\/span><\/em><\/p>\nngg_shortcode_0_placeholder\n<p><em><span style=\"color: #ff00ff;\">les CP CE1<\/span><\/em><\/p>\nngg_shortcode_1_placeholder\n<p><em><span style=\"color: #ff00ff;\">les CE2 CM<\/span><\/em><\/p>\nngg_shortcode_2_placeholder\n<p><a href=\"https:\/\/ecolenotredame-saintvincentdeslandes.fr\/wp-content\/uploads\/2025\/01\/IMG_20241230_143610.jpg\"><img loading=\"lazy\" decoding=\"async\" class=\"size-medium wp-image-7021 alignleft\" src=\"https:\/\/ecolenotredame-saintvincentdeslandes.fr\/wp-content\/uploads\/2025\/01\/IMG_20241230_143610-300x200.jpg\" alt=\"\" width=\"300\" height=\"200\" srcset=\"https:\/\/ecolenotredame-saintvincentdeslandes.fr\/wp-content\/uploads\/2025\/01\/IMG_20241230_143610-300x200.jpg 300w, https:\/\/ecolenotredame-saintvincentdeslandes.fr\/wp-content\/uploads\/2025\/01\/IMG_20241230_143610-1024x683.jpg 1024w, https:\/\/ecolenotredame-saintvincentdeslandes.fr\/wp-content\/uploads\/2025\/01\/IMG_20241230_143610-768x512.jpg 768w, https:\/\/ecolenotredame-saintvincentdeslandes.fr\/wp-content\/uploads\/2025\/01\/IMG_20241230_143610-1536x1024.jpg 1536w, https:\/\/ecolenotredame-saintvincentdeslandes.fr\/wp-content\/uploads\/2025\/01\/IMG_20241230_143610-272x182.jpg 272w, https:\/\/ecolenotredame-saintvincentdeslandes.fr\/wp-content\/uploads\/2025\/01\/IMG_20241230_143610.jpg 1599w\" sizes=\"auto, (max-width: 300px) 100vw, 300px\" \/><\/a><\/p>\n<p>&nbsp;<\/p>\n<p><a href=\"https:\/\/ecolenotredame-saintvincentdeslandes.fr\/wp-content\/uploads\/2025\/01\/IMG_20241230_143630.jpg\"><img loading=\"lazy\" decoding=\"async\" class=\"size-medium wp-image-7022 alignnone\" src=\"https:\/\/ecolenotredame-saintvincentdeslandes.fr\/wp-content\/uploads\/2025\/01\/IMG_20241230_143630-300x200.jpg\" alt=\"\" width=\"300\" height=\"200\" srcset=\"https:\/\/ecolenotredame-saintvincentdeslandes.fr\/wp-content\/uploads\/2025\/01\/IMG_20241230_143630-300x200.jpg 300w, https:\/\/ecolenotredame-saintvincentdeslandes.fr\/wp-content\/uploads\/2025\/01\/IMG_20241230_143630-1024x683.jpg 1024w, https:\/\/ecolenotredame-saintvincentdeslandes.fr\/wp-content\/uploads\/2025\/01\/IMG_20241230_143630-768x512.jpg 768w, https:\/\/ecolenotredame-saintvincentdeslandes.fr\/wp-content\/uploads\/2025\/01\/IMG_20241230_143630-1536x1024.jpg 1536w, https:\/\/ecolenotredame-saintvincentdeslandes.fr\/wp-content\/uploads\/2025\/01\/IMG_20241230_143630-272x182.jpg 272w, https:\/\/ecolenotredame-saintvincentdeslandes.fr\/wp-content\/uploads\/2025\/01\/IMG_20241230_143630.jpg 1599w\" sizes=\"auto, (max-width: 300px) 100vw, 300px\" \/><\/a><\/p>\n<p>&nbsp;<\/p>\n<p>&nbsp;<\/p>\n","protected":false},"excerpt":{"rendered":"<p>Dimanche 15 d\u00e9cembre, s&#8217;est d\u00e9roul\u00e9 l&#8217;Arbre de No\u00ebl. Les enfants ont pr\u00e9par\u00e9 des danses, du th\u00e9\u00e2tre, un chant pour le plus grand bonheur de leur famille venue les applaudir. A la fin du spectacle le P\u00e8re No\u00ebl est arriv\u00e9 et a distribu\u00e9 un sachet de bonbons \u00e0 chaque enfant, puis il a r\u00e9alis\u00e9 le tirage<\/p>\n<p><a href=\"https:\/\/ecolenotredame-saintvincentdeslandes.fr\/?p=6997\" class=\"more-link themebutton\">Lire la suite<\/a><\/p>\n","protected":false},"author":3,"featured_media":0,"comment_status":"closed","ping_status":"closed","sticky":false,"template":"","format":"standard","meta":{"ngg_post_thumbnail":0,"footnotes":""},"categories":[10],"tags":[],"class_list":["post-6997","post","type-post","status-publish","format-standard","hentry","category-actions"],"_links":{"self":[{"href":"https:\/\/ecolenotredame-saintvincentdeslandes.fr\/index.php?rest_route=\/wp\/v2\/posts\/6997","targetHints":{"allow":["GET"]}}],"collection":[{"href":"https:\/\/ecolenotredame-saintvincentdeslandes.fr\/index.php?rest_route=\/wp\/v2\/posts"}],"about":[{"href":"https:\/\/ecolenotredame-saintvincentdeslandes.fr\/index.php?rest_route=\/wp\/v2\/types\/post"}],"author":[{"embeddable":true,"href":"https:\/\/ecolenotredame-saintvincentdeslandes.fr\/index.php?rest_route=\/wp\/v2\/users\/3"}],"replies":[{"embeddable":true,"href":"https:\/\/ecolenotredame-saintvincentdeslandes.fr\/index.php?rest_route=%2Fwp%2Fv2%2Fcomments&post=6997"}],"version-history":[{"count":3,"href":"https:\/\/ecolenotredame-saintvincentdeslandes.fr\/index.php?rest_route=\/wp\/v2\/posts\/6997\/revisions"}],"predecessor-version":[{"id":7024,"href":"https:\/\/ecolenotredame-saintvincentdeslandes.fr\/index.php?rest_route=\/wp\/v2\/posts\/6997\/revisions\/7024"}],"wp:attachment":[{"href":"https:\/\/ecolenotredame-saintvincentdeslandes.fr\/index.php?rest_route=%2Fwp%2Fv2%2Fmedia&parent=6997"}],"wp:term":[{"taxonomy":"category","embeddable":true,"href":"https:\/\/ecolenotredame-saintvincentdeslandes.fr\/index.php?rest_route=%2Fwp%2Fv2%2Fcategories&post=6997"},{"taxonomy":"post_tag","embeddable":true,"href":"https:\/\/ecolenotredame-saintvincentdeslandes.fr\/index.php?rest_route=%2Fwp%2Fv2%2Ftags&post=6997"}],"curies":[{"name":"wp","href":"https:\/\/api.w.org\/{rel}","templated":true}]}}