{"id":7213,"date":"2025-04-07T14:34:38","date_gmt":"2025-04-07T13:34:38","guid":{"rendered":"https:\/\/ecolenotredame-saintvincentdeslandes.fr\/?p=7213"},"modified":"2025-04-07T14:34:38","modified_gmt":"2025-04-07T13:34:38","slug":"sortie-pedagogique-le-musee-des-arts-de-nantes","status":"publish","type":"post","link":"https:\/\/ecolenotredame-saintvincentdeslandes.fr\/?p=7213","title":{"rendered":"Sortie p\u00e9dagogique : le mus\u00e9e des arts de Nantes"},"content":{"rendered":"<p>Vendredi 10 janvier apr\u00e8s-midi, nous sommes all\u00e9s au mus\u00e9e des arts de Nantes travailler autour du corps et du mouvement. Le mus\u00e9e est magnifique et nous avons beaucoup appr\u00e9ci\u00e9 d\u00e9couvrir son architecture et ses \u0153uvres.<\/p>\n<p><span style=\"color: #666699;\">les maternelles :<\/span><\/p>\nngg_shortcode_0_placeholder\n<p><span style=\"color: #666699;\">les CP CE1 :<\/span><\/p>\nngg_shortcode_1_placeholder\n<p><span style=\"color: #666699;\">les CE2 CM :&nbsp;<\/span><\/p>\nngg_shortcode_2_placeholder\n","protected":false},"excerpt":{"rendered":"<p>Vendredi 10 janvier apr\u00e8s-midi, nous sommes all\u00e9s au mus\u00e9e des arts de Nantes travailler autour du corps et du mouvement. Le mus\u00e9e est magnifique et nous avons beaucoup appr\u00e9ci\u00e9 d\u00e9couvrir son architecture et ses \u0153uvres. les maternelles : &nbsp; les CP CE1 : &nbsp; les CE2 CM :&nbsp; &nbsp;<\/p>\n","protected":false},"author":3,"featured_media":0,"comment_status":"closed","ping_status":"closed","sticky":false,"template":"","format":"standard","meta":{"ngg_post_thumbnail":0,"footnotes":""},"categories":[10],"tags":[],"class_list":["post-7213","post","type-post","status-publish","format-standard","hentry","category-actions"],"_links":{"self":[{"href":"https:\/\/ecolenotredame-saintvincentdeslandes.fr\/index.php?rest_route=\/wp\/v2\/posts\/7213","targetHints":{"allow":["GET"]}}],"collection":[{"href":"https:\/\/ecolenotredame-saintvincentdeslandes.fr\/index.php?rest_route=\/wp\/v2\/posts"}],"about":[{"href":"https:\/\/ecolenotredame-saintvincentdeslandes.fr\/index.php?rest_route=\/wp\/v2\/types\/post"}],"author":[{"embeddable":true,"href":"https:\/\/ecolenotredame-saintvincentdeslandes.fr\/index.php?rest_route=\/wp\/v2\/users\/3"}],"replies":[{"embeddable":true,"href":"https:\/\/ecolenotredame-saintvincentdeslandes.fr\/index.php?rest_route=%2Fwp%2Fv2%2Fcomments&post=7213"}],"version-history":[{"count":1,"href":"https:\/\/ecolenotredame-saintvincentdeslandes.fr\/index.php?rest_route=\/wp\/v2\/posts\/7213\/revisions"}],"predecessor-version":[{"id":7214,"href":"https:\/\/ecolenotredame-saintvincentdeslandes.fr\/index.php?rest_route=\/wp\/v2\/posts\/7213\/revisions\/7214"}],"wp:attachment":[{"href":"https:\/\/ecolenotredame-saintvincentdeslandes.fr\/index.php?rest_route=%2Fwp%2Fv2%2Fmedia&parent=7213"}],"wp:term":[{"taxonomy":"category","embeddable":true,"href":"https:\/\/ecolenotredame-saintvincentdeslandes.fr\/index.php?rest_route=%2Fwp%2Fv2%2Fcategories&post=7213"},{"taxonomy":"post_tag","embeddable":true,"href":"https:\/\/ecolenotredame-saintvincentdeslandes.fr\/index.php?rest_route=%2Fwp%2Fv2%2Ftags&post=7213"}],"curies":[{"name":"wp","href":"https:\/\/api.w.org\/{rel}","templated":true}]}}