{"id":7907,"date":"2025-10-29T09:12:45","date_gmt":"2025-10-29T08:12:45","guid":{"rendered":"https:\/\/ecolenotredame-saintvincentdeslandes.fr\/?p=7907"},"modified":"2025-10-29T09:12:45","modified_gmt":"2025-10-29T08:12:45","slug":"la-rentree-des-familles-3","status":"publish","type":"post","link":"https:\/\/ecolenotredame-saintvincentdeslandes.fr\/?p=7907","title":{"rendered":"La rentr\u00e9e des familles"},"content":{"rendered":"<p>Vendredi 5 septembre, les parents de l&#8217;OGEC ont organis\u00e9 &#8220;la rentr\u00e9e des familles&#8221; : un temps convivial pour accueillir et pr\u00e9senter les nouvelles familles et les nouveaux \u00e9l\u00e8ves. L&#8217;occasion de donner quelques informations sur les temps forts de l&#8217;ann\u00e9e. Un temps pour se retrouver et partager un bon moment en communaut\u00e9 \u00e9ducative.<\/p>\nngg_shortcode_0_placeholder\n","protected":false},"excerpt":{"rendered":"<p>Vendredi 5 septembre, les parents de l&#8217;OGEC ont organis\u00e9 &#8220;la rentr\u00e9e des familles&#8221; : un temps convivial pour accueillir et pr\u00e9senter les nouvelles familles et les nouveaux \u00e9l\u00e8ves. L&#8217;occasion de donner quelques informations sur les temps forts de l&#8217;ann\u00e9e. Un temps pour se retrouver et partager un bon moment en communaut\u00e9 \u00e9ducative.<\/p>\n","protected":false},"author":3,"featured_media":0,"comment_status":"closed","ping_status":"closed","sticky":false,"template":"","format":"standard","meta":{"ngg_post_thumbnail":0,"footnotes":""},"categories":[8],"tags":[],"class_list":["post-7907","post","type-post","status-publish","format-standard","hentry","category-blog-ogec"],"_links":{"self":[{"href":"https:\/\/ecolenotredame-saintvincentdeslandes.fr\/index.php?rest_route=\/wp\/v2\/posts\/7907","targetHints":{"allow":["GET"]}}],"collection":[{"href":"https:\/\/ecolenotredame-saintvincentdeslandes.fr\/index.php?rest_route=\/wp\/v2\/posts"}],"about":[{"href":"https:\/\/ecolenotredame-saintvincentdeslandes.fr\/index.php?rest_route=\/wp\/v2\/types\/post"}],"author":[{"embeddable":true,"href":"https:\/\/ecolenotredame-saintvincentdeslandes.fr\/index.php?rest_route=\/wp\/v2\/users\/3"}],"replies":[{"embeddable":true,"href":"https:\/\/ecolenotredame-saintvincentdeslandes.fr\/index.php?rest_route=%2Fwp%2Fv2%2Fcomments&post=7907"}],"version-history":[{"count":2,"href":"https:\/\/ecolenotredame-saintvincentdeslandes.fr\/index.php?rest_route=\/wp\/v2\/posts\/7907\/revisions"}],"predecessor-version":[{"id":7914,"href":"https:\/\/ecolenotredame-saintvincentdeslandes.fr\/index.php?rest_route=\/wp\/v2\/posts\/7907\/revisions\/7914"}],"wp:attachment":[{"href":"https:\/\/ecolenotredame-saintvincentdeslandes.fr\/index.php?rest_route=%2Fwp%2Fv2%2Fmedia&parent=7907"}],"wp:term":[{"taxonomy":"category","embeddable":true,"href":"https:\/\/ecolenotredame-saintvincentdeslandes.fr\/index.php?rest_route=%2Fwp%2Fv2%2Fcategories&post=7907"},{"taxonomy":"post_tag","embeddable":true,"href":"https:\/\/ecolenotredame-saintvincentdeslandes.fr\/index.php?rest_route=%2Fwp%2Fv2%2Ftags&post=7907"}],"curies":[{"name":"wp","href":"https:\/\/api.w.org\/{rel}","templated":true}]}}