{"id":7977,"date":"2025-10-29T09:37:07","date_gmt":"2025-10-29T08:37:07","guid":{"rendered":"https:\/\/ecolenotredame-saintvincentdeslandes.fr\/?p=7977"},"modified":"2025-10-29T09:38:19","modified_gmt":"2025-10-29T08:38:19","slug":"assemblee-de-fin-de-periode-1-2","status":"publish","type":"post","link":"https:\/\/ecolenotredame-saintvincentdeslandes.fr\/?p=7977","title":{"rendered":"Assembl\u00e9e de fin de p\u00e9riode 1"},"content":{"rendered":"<p>A la fin de la premi\u00e8re p\u00e9riode (septembre, octobre) nous nous sommes retrouv\u00e9 pour partager un projet avec toutes les classes :<\/p>\n<p>Les maternelles ont chant\u00e9 leur chanson d&#8217;automne et nous ont pr\u00e9sent\u00e9 leur arbre d&#8217;automne.<\/p>\n<p>Les CP CE1 ont chant\u00e9 et mim\u00e9 en anglais &#8220;How many fingers?&#8221;<\/p>\n<p>Les CE2 CM ont chant\u00e9 &#8220;le h\u00e9risson&#8221; de la com\u00e9die musicale &#8220;Emilie Jolie&#8221;. Chant qu&#8217;ils pr\u00e9senteront lors du projet Festim\u00f4mes.<\/p>\nngg_shortcode_0_placeholder\n<p>Les maternelles avaient pr\u00e9par\u00e9 un g\u00e2teau \u00e0 la cr\u00e8me de ch\u00e2taignes que nous avons d\u00e9gust\u00e9 lors d&#8217;un go\u00fbter collectif.<\/p>\nngg_shortcode_1_placeholder\n","protected":false},"excerpt":{"rendered":"<p>A la fin de la premi\u00e8re p\u00e9riode (septembre, octobre) nous nous sommes retrouv\u00e9 pour partager un projet avec toutes les classes : Les maternelles ont chant\u00e9 leur chanson d&#8217;automne et nous ont pr\u00e9sent\u00e9 leur arbre d&#8217;automne. Les CP CE1 ont chant\u00e9 et mim\u00e9 en anglais &#8220;How many fingers?&#8221; Les CE2 CM ont chant\u00e9 &#8220;le h\u00e9risson&#8221;<\/p>\n<p><a href=\"https:\/\/ecolenotredame-saintvincentdeslandes.fr\/?p=7977\" class=\"more-link themebutton\">Lire la suite<\/a><\/p>\n","protected":false},"author":3,"featured_media":0,"comment_status":"closed","ping_status":"closed","sticky":false,"template":"","format":"standard","meta":{"ngg_post_thumbnail":0,"footnotes":""},"categories":[10],"tags":[],"class_list":["post-7977","post","type-post","status-publish","format-standard","hentry","category-actions"],"_links":{"self":[{"href":"https:\/\/ecolenotredame-saintvincentdeslandes.fr\/index.php?rest_route=\/wp\/v2\/posts\/7977","targetHints":{"allow":["GET"]}}],"collection":[{"href":"https:\/\/ecolenotredame-saintvincentdeslandes.fr\/index.php?rest_route=\/wp\/v2\/posts"}],"about":[{"href":"https:\/\/ecolenotredame-saintvincentdeslandes.fr\/index.php?rest_route=\/wp\/v2\/types\/post"}],"author":[{"embeddable":true,"href":"https:\/\/ecolenotredame-saintvincentdeslandes.fr\/index.php?rest_route=\/wp\/v2\/users\/3"}],"replies":[{"embeddable":true,"href":"https:\/\/ecolenotredame-saintvincentdeslandes.fr\/index.php?rest_route=%2Fwp%2Fv2%2Fcomments&post=7977"}],"version-history":[{"count":4,"href":"https:\/\/ecolenotredame-saintvincentdeslandes.fr\/index.php?rest_route=\/wp\/v2\/posts\/7977\/revisions"}],"predecessor-version":[{"id":7981,"href":"https:\/\/ecolenotredame-saintvincentdeslandes.fr\/index.php?rest_route=\/wp\/v2\/posts\/7977\/revisions\/7981"}],"wp:attachment":[{"href":"https:\/\/ecolenotredame-saintvincentdeslandes.fr\/index.php?rest_route=%2Fwp%2Fv2%2Fmedia&parent=7977"}],"wp:term":[{"taxonomy":"category","embeddable":true,"href":"https:\/\/ecolenotredame-saintvincentdeslandes.fr\/index.php?rest_route=%2Fwp%2Fv2%2Fcategories&post=7977"},{"taxonomy":"post_tag","embeddable":true,"href":"https:\/\/ecolenotredame-saintvincentdeslandes.fr\/index.php?rest_route=%2Fwp%2Fv2%2Ftags&post=7977"}],"curies":[{"name":"wp","href":"https:\/\/api.w.org\/{rel}","templated":true}]}}